

{"id":3539,"date":"2011-06-16T21:02:13","date_gmt":"2011-06-16T19:02:13","guid":{"rendered":"https:\/\/pehsu.org\/wp\/?p=3539"},"modified":"2024-05-24T18:56:39","modified_gmt":"2024-05-24T16:56:39","slug":"el-nino-y-el-medio-ambiente","status":"publish","type":"post","link":"https:\/\/pehsu.org\/wp\/?p=3539","title":{"rendered":"El ni\u00f1o y el medio ambiente"},"content":{"rendered":"\t\t<div data-elementor-type=\"wp-post\" data-elementor-id=\"3539\" class=\"elementor elementor-3539\">\n\t\t\t\t\t\t<section class=\"elementor-section elementor-top-section elementor-element elementor-element-2abfc10 elementor-section-boxed elementor-section-height-default elementor-section-height-default\" data-id=\"2abfc10\" data-element_type=\"section\" data-e-type=\"section\">\n\t\t\t\t\t\t<div class=\"elementor-container elementor-column-gap-default\">\n\t\t\t\t\t<div class=\"elementor-column elementor-col-100 elementor-top-column elementor-element elementor-element-1e80e36\" data-id=\"1e80e36\" data-element_type=\"column\" data-e-type=\"column\">\n\t\t\t<div class=\"elementor-widget-wrap elementor-element-populated\">\n\t\t\t\t\t\t<div class=\"elementor-element elementor-element-8683037 elementor-widget elementor-widget-heading\" data-id=\"8683037\" data-element_type=\"widget\" data-e-type=\"widget\" data-widget_type=\"heading.default\">\n\t\t\t\t<div class=\"elementor-widget-container\">\n\t\t\t\t\t<h2 class=\"elementor-heading-title elementor-size-default\">El ni\u00f1o y el medio ambiente - Salud Medioambiental Pedi\u00e1trica <\/h2>\t\t\t\t<\/div>\n\t\t\t\t<\/div>\n\t\t\t\t\t<\/div>\n\t\t<\/div>\n\t\t\t\t\t<\/div>\n\t\t<\/section>\n\t\t\t\t<section class=\"elementor-section elementor-top-section elementor-element elementor-element-28ef83e elementor-section-boxed elementor-section-height-default elementor-section-height-default\" data-id=\"28ef83e\" data-element_type=\"section\" data-e-type=\"section\">\n\t\t\t\t\t\t<div class=\"elementor-container elementor-column-gap-default\">\n\t\t\t\t\t<div class=\"elementor-column elementor-col-100 elementor-top-column elementor-element elementor-element-05a6bf1\" data-id=\"05a6bf1\" data-element_type=\"column\" data-e-type=\"column\">\n\t\t\t<div class=\"elementor-widget-wrap elementor-element-populated\">\n\t\t\t\t\t\t<div class=\"elementor-element elementor-element-64abd85 elementor-widget elementor-widget-text-editor\" data-id=\"64abd85\" data-element_type=\"widget\" data-e-type=\"widget\" data-widget_type=\"text-editor.default\">\n\t\t\t\t<div class=\"elementor-widget-container\">\n\t\t\t\t\t\t\t\t\t<p style=\"font-family: Magra, sans-serif; font-size: 18px;\">En los inicios del nuevo milenio nuestro ni\u00f1os habitan en un mundo completamente diferente al que los adultos hubi\u00e9semos deseado. M\u00e1s de 2\/3 partes de la poblaci\u00f3n infantil tienen su salud y, desgraciadamente sus vidas, amenazadas por riesgos medioambientales en sus casas y en los lugares donde crecen, aprenden, juegan e incluso donde tristemente trabajan. La calidad ambiental constituye un factor clave para la supervivencia de los ni\u00f1os en los primeros a\u00f1os de vida, y es un determinante fundamental para un adecuado desarrollo posterior f\u00edsico y mental.<\/p><p style=\"font-family: Magra, sans-serif; font-size: 18px;\">El progreso industrial, durante la segunda mitad del siglo XX, con los cambios econ\u00f3micos inherentes, ha permitido mejorar las condiciones higi\u00e9nicas y de salud en los pa\u00edses occidentales. Pero la progresiva y excesiva industrializaci\u00f3n est\u00e1 generando una contaminaci\u00f3n medioambiental de los ecosistemas a\u00e9reos, terrestres y acu\u00e1ticos. Actualmente, m\u00e1s de 100.000 compuestos qu\u00edmicos, de los cuales varias decenas de miles sobrepasan el mill\u00f3n de toneladas \/ a\u00f1o, compiten entre ellos para contaminar local y globalmente todos los ecosistemas naturales. Estas sustancias contaminan la tierra y los alimentos, el agua y el aire que a diario nuestros ni\u00f1os ingieren, beben y respiran.<\/p><p style=\"font-family: Magra, sans-serif; font-size: 18px;\">Las mayores amenazas para la salud de los ni\u00f1os se encuentran precisamente en los lugares donde deber\u00edan estar a salvo: el hogar, la escuela y la comunidad. M\u00e1s de 5 millones de ni\u00f1os entre 0 y 14 a\u00f1os, la mayor\u00eda en los pa\u00edses en desarrollo, mueren cada a\u00f1o por causas de enfermedades relacionadas con el entorno donde viven, estudian y juegan. Las enfermedades carenciales e infectocontagiosas han sido sustituidas y reemplazadas en nuestros pa\u00edses desarrollados, por patolog\u00edas cr\u00f3nicas como las enfermedades respiratorias, especialmente al\u00e9rgicas, las neopl\u00e1sicas, las neurocognitivas y<\/p><p style=\"font-family: Magra, sans-serif; font-size: 18px;\">neuroconductuales, la obesidad, disfunciones endocrinol\u00f3gicas, cardiovasculares, etc. Estas enfermedades emergentes entre nuestros ni\u00f1os, a medida que progresan los limitados conocimientos sobre ellas, se est\u00e1n asociando al menos parcialmente, con mayor evidencia, a la contaminaci\u00f3n medioambiental. Las personas constituyen el recurso m\u00e1s importante de todos los pa\u00edses. Los ni\u00f1os con discapacidades y\/o enfermedades cr\u00f3nicas no ser\u00e1n adultos saludables y productivos. Todo este sufrimiento de los ni\u00f1os no es inevitable. Todas estas enfermedades y muertes se pueden prevenir.<\/p><p style=\"font-family: Magra, sans-serif; font-size: 18px;\">Los ni\u00f1os constituyen nuestros sue\u00f1os y esperanzas para el futuro. Son los herederos de nuestro legado, incluida la manera en que tratamos el medioambiente. Esto queda recogido en la sabidur\u00eda popular de las culturas ind\u00edgenas: \u201c La tierra no es una herencia de nuestros padres, sino un pr\u00e9stamo de nuestros hijos\u201d. Por eso es necesario impulsar en todos los ambientes, en nuestros hogares, colegios, comunidades&#8230; las medidas necesarias que deben adoptar todos los colectivos sociales para asegurar a las actuales y futuras generaciones un medioambiente sano y sostenible.<\/p><p style=\"font-family: Magra, sans-serif; font-size: 18px;\">Por otro lado, el inter\u00e9s natural e innato, y a menudo apasionado, que muestran los ni\u00f1os para la preservaci\u00f3n de su planeta les convierte en una fuerza din\u00e1mica y poderosa para proteger el medioambiente. Con la formaci\u00f3n adecuada, los ni\u00f1os pueden adquirir los conocimientos para participar en las actividades de protecci\u00f3n ambiental, y contribuir con su energ\u00eda, ilusi\u00f3n y vitalidad y visi\u00f3n, de una forma \u00fanica en la b\u00fasqueda de soluciones.<\/p><p style=\"font-family: Magra, sans-serif; font-size: 18px;\">En las PEHSU Murcia-Val\u00e8ncia intentamos poner al alcance de profesionales sanitarios, de la ense\u00f1anza, de padres y ni\u00f1os las herramientas necesarias para crear ambientes saludables y m\u00e1s sanos para nuestros ni\u00f1os.<br \/>LOS AUTORES<\/p><p class=\"MsoBodyText\" style=\"font-family: Magra, sans-serif; font-size: 18px; text-align: center; line-height: 14pt;\" align=\"center\"><span style=\"font-weight: bold;\"><span style=\"font-size: 12pt; font-family: Arial; color: #339966;\">Los autores<\/span><\/span><\/p><p class=\"MsoBodyText\" style=\"font-family: Magra, sans-serif; font-size: 18px; text-align: center; line-height: 14pt;\" align=\"center\"><span style=\"font-weight: bold;\"><span style=\"font-size: 12pt; font-family: Arial; color: #339966;\">Josep Ferr\u00eds i Tortajada \/ Juan Antonio Ortega Garc\u00eda<br \/><\/span><\/span><\/p><p style=\"font-family: Magra, sans-serif; font-size: 18px;\" align=\"center\">En Valencia, 2004<\/p><hr style=\"background-color: #ffffff; font-family: Magra, sans-serif; font-size: 18px;\" size=\"8\" \/><p class=\"MsoBodyText\" style=\"font-family: Magra, sans-serif; font-size: 18px; line-height: 14pt;\" align=\"center\"><span style=\"font-weight: bold;\"><span style=\"font-size: 12pt; font-family: Arial; color: #339966;\"><br \/>PEHSU MURCIA &#8211; VAL\u00c8NCIA.<\/span><\/span><\/p>\t\t\t\t\t\t\t\t<\/div>\n\t\t\t\t<\/div>\n\t\t\t\t\t<\/div>\n\t\t<\/div>\n\t\t\t\t\t<\/div>\n\t\t<\/section>\n\t\t\t\t<\/div>\n\t\t","protected":false},"excerpt":{"rendered":"<p>El ni\u00f1o y el medio ambiente &#8211; Salud Medioambiental Pedi\u00e1trica En los inicios del nuevo milenio nuestro ni\u00f1os habitan en un mundo completamente diferente al que los adultos hubi\u00e9semos deseado. M\u00e1s de 2\/3 partes de la poblaci\u00f3n infantil tienen su salud y, desgraciadamente sus vidas, amenazadas por riesgos medioambientales en sus casas y en los &hellip; <\/p>\n<p class=\"link-more\"><a href=\"https:\/\/pehsu.org\/wp\/?p=3539\" class=\"more-link\">Leer m\u00e1s<span class=\"screen-reader-text\"> \u00abEl ni\u00f1o y el medio ambiente\u00bb<\/span><\/a><\/p>\n","protected":false},"author":1,"featured_media":3798,"comment_status":"closed","ping_status":"closed","sticky":false,"template":"","format":"standard","meta":{"footnotes":""},"categories":[39,1,9],"tags":[],"class_list":["post-3539","post","type-post","status-publish","format-standard","has-post-thumbnail","hentry","category-bosques-para-la-salud-2","category-destacado","category-historia-clinica-medioambiental"],"aioseo_notices":[],"_links":{"self":[{"href":"https:\/\/pehsu.org\/wp\/index.php?rest_route=\/wp\/v2\/posts\/3539","targetHints":{"allow":["GET"]}}],"collection":[{"href":"https:\/\/pehsu.org\/wp\/index.php?rest_route=\/wp\/v2\/posts"}],"about":[{"href":"https:\/\/pehsu.org\/wp\/index.php?rest_route=\/wp\/v2\/types\/post"}],"author":[{"embeddable":true,"href":"https:\/\/pehsu.org\/wp\/index.php?rest_route=\/wp\/v2\/users\/1"}],"replies":[{"embeddable":true,"href":"https:\/\/pehsu.org\/wp\/index.php?rest_route=%2Fwp%2Fv2%2Fcomments&post=3539"}],"version-history":[{"count":11,"href":"https:\/\/pehsu.org\/wp\/index.php?rest_route=\/wp\/v2\/posts\/3539\/revisions"}],"predecessor-version":[{"id":3927,"href":"https:\/\/pehsu.org\/wp\/index.php?rest_route=\/wp\/v2\/posts\/3539\/revisions\/3927"}],"wp:featuredmedia":[{"embeddable":true,"href":"https:\/\/pehsu.org\/wp\/index.php?rest_route=\/wp\/v2\/media\/3798"}],"wp:attachment":[{"href":"https:\/\/pehsu.org\/wp\/index.php?rest_route=%2Fwp%2Fv2%2Fmedia&parent=3539"}],"wp:term":[{"taxonomy":"category","embeddable":true,"href":"https:\/\/pehsu.org\/wp\/index.php?rest_route=%2Fwp%2Fv2%2Fcategories&post=3539"},{"taxonomy":"post_tag","embeddable":true,"href":"https:\/\/pehsu.org\/wp\/index.php?rest_route=%2Fwp%2Fv2%2Ftags&post=3539"}],"curies":[{"name":"wp","href":"https:\/\/api.w.org\/{rel}","templated":true}]}}