

{"id":3104,"date":"2023-06-12T20:46:03","date_gmt":"2023-06-12T18:46:03","guid":{"rendered":"https:\/\/pehsu.org\/wp\/?p=3104"},"modified":"2024-05-27T17:17:23","modified_gmt":"2024-05-27T15:17:23","slug":"estandares-para-implantar-una-unidad-de-salud-medioambiental-pediatrica-pehsu","status":"publish","type":"post","link":"https:\/\/pehsu.org\/wp\/?p=3104","title":{"rendered":"Implantar una Unidad de Salud Medioambiental Pedi\u00e1trica (PEHSU)"},"content":{"rendered":"\t\t<div data-elementor-type=\"wp-post\" data-elementor-id=\"3104\" class=\"elementor elementor-3104\">\n\t\t\t\t\t\t<section class=\"elementor-section elementor-top-section elementor-element elementor-element-d7ab128 elementor-section-boxed elementor-section-height-default elementor-section-height-default\" data-id=\"d7ab128\" data-element_type=\"section\" data-e-type=\"section\">\n\t\t\t\t\t\t<div class=\"elementor-container elementor-column-gap-default\">\n\t\t\t\t\t<div class=\"elementor-column elementor-col-100 elementor-top-column elementor-element elementor-element-05d1529\" data-id=\"05d1529\" data-element_type=\"column\" data-e-type=\"column\">\n\t\t\t<div class=\"elementor-widget-wrap elementor-element-populated\">\n\t\t\t\t\t\t<div class=\"elementor-element elementor-element-898246f elementor-widget elementor-widget-heading\" data-id=\"898246f\" data-element_type=\"widget\" data-e-type=\"widget\" data-widget_type=\"heading.default\">\n\t\t\t\t<div class=\"elementor-widget-container\">\n\t\t\t\t\t<h2 class=\"elementor-heading-title elementor-size-default\">Implantar una Unidad de Salud Medioambiental Pedi\u00e1trica (PEHSU)<\/h2>\t\t\t\t<\/div>\n\t\t\t\t<\/div>\n\t\t\t\t\t<\/div>\n\t\t<\/div>\n\t\t\t\t\t<\/div>\n\t\t<\/section>\n\t\t\t\t<section class=\"elementor-section elementor-top-section elementor-element elementor-element-609fe5f5 elementor-section-boxed elementor-section-height-default elementor-section-height-default\" data-id=\"609fe5f5\" data-element_type=\"section\" data-e-type=\"section\">\n\t\t\t\t\t\t<div class=\"elementor-container elementor-column-gap-default\">\n\t\t\t\t\t<div class=\"elementor-column elementor-col-100 elementor-top-column elementor-element elementor-element-2ffd5c97\" data-id=\"2ffd5c97\" data-element_type=\"column\" data-e-type=\"column\">\n\t\t\t<div class=\"elementor-widget-wrap elementor-element-populated\">\n\t\t\t\t\t\t<div class=\"elementor-element elementor-element-3994c648 elementor-widget elementor-widget-text-editor\" data-id=\"3994c648\" data-element_type=\"widget\" data-e-type=\"widget\" data-widget_type=\"text-editor.default\">\n\t\t\t\t<div class=\"elementor-widget-container\">\n\t\t\t\t\t\t\t\t\t<p><\/p>\n<p><strong style=\"color: var( --e-global-color-text );\">Te presentamos las dos unidades de salud medioambiental pedi\u00e1tricas en marcha en Espa\u00f1a, a trav\u00e9s de la experiencia de 3 nuevos perfiles profesionales<\/strong><span style=\"color: var( --e-global-color-text );\">: M\u00e9dico Pediatra Ambiental, Enfermero Ambiental y Ec\u00f3logo\/Terape\u00fata Ambiental.<\/span><br \/><\/p>\n<p><\/p>\n<p><strong>Aqu\u00ed te dejamos un extracto especial del libro Llamando a la Tierra, Llamando a la Tierra donde podr\u00e1s descargar el<\/strong> <a href=\"https:\/\/pehsu.org\/wp\/wp-content\/uploads\/pehsu_llamando_tierra.pdf\" target=\"_blank\" rel=\"noreferrer noopener\" data-type=\"URL\" data-id=\"https:\/\/pehsu.org\/wp\/wp-content\/uploads\/pehsu_llamando_tierra.pdf\">cap\u00edtulo ESPECIAL SOBRE LAS PEHSU EN EUROPA Y AM\u00c9RICA LATINA<\/a>.<\/p>\n<p><\/p>\n<p class=\"has-vivid-cyan-blue-color has-text-color has-medium-font-size\"><strong>14 de junio 2023<\/strong><br \/><strong>18h (Madrid) Zoom<\/strong> PLANETARIO<\/p>\n<p><\/p>\n<p class=\"has-medium-font-size\"><strong>Abierto al p\u00fablico. <\/strong><\/p>\n<p><\/p>\n<p class=\"has-vivid-cyan-blue-color has-text-color\"><strong>Unidades Cl\u00ednicas de Salud Medioambiental Pediatrica (PEHSU): Regi\u00f3n de Murcia y Catalunya.<\/strong><\/p>\n<p><\/p>\n<p><strong>DI\u00c1LOGO CON PIONEROS DE LA SALUD PLANETARIA. EN EL MARCO DEL 2\u00ba CURSO PARA L\u00cdDERES DE LA SALUD MEDIOAMBIENTAL PARA EUROPA Y AM\u00c9RICA LATINA. UNIVERSIDAD DE MURCIA.&nbsp;<\/strong>&nbsp;<\/p>\n<p><\/p>\n<p>Acreditado con 25 cr\u00e9ditos ECTS (equivalente a 625 horas). Los cr\u00e9ditos solo podr\u00e1n ser solicitados por alumnos matriculados en el curso.&nbsp;<\/p>\n<p><\/p>\n<p>A trav\u00e9s de 3 grandes j\u00f3venes pioneros de la Salud Ambiental, ahora ya Global o Planetaria.<\/p>\n<p><\/p>\n<p><\/p>\t\t\t\t\t\t\t\t<\/div>\n\t\t\t\t<\/div>\n\t\t\t\t\t<\/div>\n\t\t<\/div>\n\t\t\t\t\t<\/div>\n\t\t<\/section>\n\t\t\t\t<section class=\"elementor-section elementor-top-section elementor-element elementor-element-896c882 elementor-section-boxed elementor-section-height-default elementor-section-height-default\" data-id=\"896c882\" data-element_type=\"section\" data-e-type=\"section\">\n\t\t\t\t\t\t<div class=\"elementor-container elementor-column-gap-default\">\n\t\t\t\t\t<div class=\"elementor-column elementor-col-100 elementor-top-column elementor-element elementor-element-ac6e744\" data-id=\"ac6e744\" data-element_type=\"column\" data-e-type=\"column\">\n\t\t\t<div class=\"elementor-widget-wrap elementor-element-populated\">\n\t\t\t\t\t\t<div class=\"elementor-element elementor-element-b64a950 elementor-widget__width-initial elementor-widget elementor-widget-text-editor\" data-id=\"b64a950\" data-element_type=\"widget\" data-e-type=\"widget\" data-widget_type=\"text-editor.default\">\n\t\t\t\t<div class=\"elementor-widget-container\">\n\t\t\t\t\t\t\t\t\t<p>Ferr\u00e1n Campillo L\u00f3pez, es pediatra ambiental referente de la Unidad de Salud Medioambiental Pedi\u00e1trica en la Garrotxa, en Catalu\u00f1a desde 2017. Mir de Pediatr\u00eda en el hospital Universitario La Paz -Madrid- culmin\u00f3 su superespecializaci\u00f3n en pediatr\u00eda ambiental durante 10 meses en la Unidad de Salud Medioambiental Pedi\u00e1trica de Murcia. Es coordinador del grupo de trabajo de Salud Medioambiental de la Sociedad Catalana de Pediatr\u00eda, y Secretario del Comit\u00e9 Nacional de la AEP y profesor colaborador del M\u00e1ster de Salud Planetaria y del M\u00e1ster de Nutrici\u00f3n y Salud de la Universidad Oberta de Catalunya. Alumno del doctorado de Biolog\u00eda Molecular, Biomedicina y Salud, de la Universitat de Girona.<\/p>\n<p>Miguel F. S\u00e1nchez Sauco, enfermero medioambiental, trabaja desde 2008 en la Unidad de Salud Medioambiental Pedi\u00e1trica. Doctor en Medioambiente y embarazo: Hoja Verde en 2017. Es profesor colaborador de la facultad de enfermer\u00eda de la Universidad de Murcia.<\/p>\n<p>Francisco Diaz Mart\u00ednez, Grado en Ciencias Ambientales 2015-2019 de la Universidad de Murcia. M\u00e1ster en \u00c1reas Protegidas, Recursos Naturales y Biodiversidad 2020 (UM). Colaborador en el Departamento de Edafolog\u00eda y Contaminaci\u00f3n de Suelos (TFG y TFM en esta l\u00ednea). Posgrado en An\u00e1lisis de Datos Espaciales con QGIS (2021). Doctorando en el programa de Biodiversidad y Gesti\u00f3n Ambiental de la Facultad de Biolog\u00eda en la UM (2022-actualidad) estudiando las relaciones y los v\u00ednculos entre la naturaleza y los espacios naturales con la salud de la infancia. T\u00e9cnico de Investigaci\u00f3n en el IMIB dentro del grupo de investigaci\u00f3n de la Salud Medioambiental Pedi\u00e1trica (octubre de 2020 &#8211; actualidad) en el programa \u201cEcosistemas Saludables-Neurodesarrollo Saludable\u201d financiado por el Plan Nacional Sobre Drogas ha trabajado en los \u00faltimos a\u00f1os en la confecci\u00f3n y desarrollo de herramientas y proyectos de reconexi\u00f3n con la naturaleza.<\/p>\t\t\t\t\t\t\t\t<\/div>\n\t\t\t\t<\/div>\n\t\t\t\t\t<\/div>\n\t\t<\/div>\n\t\t\t\t\t<\/div>\n\t\t<\/section>\n\t\t\t\t<section class=\"elementor-section elementor-top-section elementor-element elementor-element-0a03f32 elementor-section-boxed elementor-section-height-default elementor-section-height-default\" data-id=\"0a03f32\" data-element_type=\"section\" data-e-type=\"section\">\n\t\t\t\t\t\t<div class=\"elementor-container elementor-column-gap-default\">\n\t\t\t\t\t<div class=\"elementor-column elementor-col-100 elementor-top-column elementor-element elementor-element-dc04c1c\" data-id=\"dc04c1c\" data-element_type=\"column\" data-e-type=\"column\">\n\t\t\t<div class=\"elementor-widget-wrap elementor-element-populated\">\n\t\t\t\t\t\t<div class=\"elementor-element elementor-element-764b2ad elementor-widget elementor-widget-video\" data-id=\"764b2ad\" data-element_type=\"widget\" data-e-type=\"widget\" data-settings=\"{&quot;youtube_url&quot;:&quot;https:\\\/\\\/youtu.be\\\/-2o9pP1VWbg&quot;,&quot;video_type&quot;:&quot;youtube&quot;,&quot;controls&quot;:&quot;yes&quot;}\" data-widget_type=\"video.default\">\n\t\t\t\t<div class=\"elementor-widget-container\">\n\t\t\t\t\t\t\t<div class=\"elementor-wrapper elementor-open-inline\">\n\t\t\t<div class=\"elementor-video\"><\/div>\t\t<\/div>\n\t\t\t\t\t\t<\/div>\n\t\t\t\t<\/div>\n\t\t\t\t\t<\/div>\n\t\t<\/div>\n\t\t\t\t\t<\/div>\n\t\t<\/section>\n\t\t\t\t<section class=\"elementor-section elementor-top-section elementor-element elementor-element-fd99eed elementor-section-boxed elementor-section-height-default elementor-section-height-default\" data-id=\"fd99eed\" data-element_type=\"section\" data-e-type=\"section\">\n\t\t\t\t\t\t<div class=\"elementor-container elementor-column-gap-default\">\n\t\t\t\t\t<div class=\"elementor-column elementor-col-100 elementor-top-column elementor-element elementor-element-108549a\" data-id=\"108549a\" data-element_type=\"column\" data-e-type=\"column\">\n\t\t\t<div class=\"elementor-widget-wrap elementor-element-populated\">\n\t\t\t\t\t\t<div class=\"elementor-element elementor-element-6e16032 elementor-widget elementor-widget-text-editor\" data-id=\"6e16032\" data-element_type=\"widget\" data-e-type=\"widget\" data-widget_type=\"text-editor.default\">\n\t\t\t\t<div class=\"elementor-widget-container\">\n\t\t\t\t\t\t\t\t\t<p class=\"has-vivid-cyan-blue-color has-text-color\"><strong>Unidades Cl\u00ednicas de Salud Medioambiental Pediatrica (PEHSU): Regi\u00f3n de Murcia y Catalunya.<\/strong><\/p>\n<p><!-- \/wp:paragraph --><!-- wp:paragraph --><\/p>\n<p><strong>DI\u00c1LOGO CON PIONEROS DE LA SALUD PLANETARIA. EN EL MARCO DEL 2\u00ba CURSO PARA L\u00cdDERES DE LA SALUD MEDIOAMBIENTAL PARA EUROPA Y AM\u00c9RICA LATINA. UNIVERSIDAD DE MURCIA.\u00a0<\/strong>\u00a0<\/p>\t\t\t\t\t\t\t\t<\/div>\n\t\t\t\t<\/div>\n\t\t\t\t\t<\/div>\n\t\t<\/div>\n\t\t\t\t\t<\/div>\n\t\t<\/section>\n\t\t\t\t<\/div>\n\t\t","protected":false},"excerpt":{"rendered":"<p>Implantar una Unidad de Salud Medioambiental Pedi\u00e1trica (PEHSU) Te presentamos las dos unidades de salud medioambiental pedi\u00e1tricas en marcha en Espa\u00f1a, a trav\u00e9s de la experiencia de 3 nuevos perfiles profesionales: M\u00e9dico Pediatra Ambiental, Enfermero Ambiental y Ec\u00f3logo\/Terape\u00fata Ambiental. Aqu\u00ed te dejamos un extracto especial del libro Llamando a la Tierra, Llamando a la Tierra &hellip; <\/p>\n<p class=\"link-more\"><a href=\"https:\/\/pehsu.org\/wp\/?p=3104\" class=\"more-link\">Leer m\u00e1s<span class=\"screen-reader-text\"> \u00abImplantar una Unidad de Salud Medioambiental Pedi\u00e1trica (PEHSU)\u00bb<\/span><\/a><\/p>\n","protected":false},"author":1,"featured_media":3939,"comment_status":"closed","ping_status":"closed","sticky":false,"template":"","format":"standard","meta":{"footnotes":""},"categories":[1],"tags":[],"class_list":["post-3104","post","type-post","status-publish","format-standard","has-post-thumbnail","hentry","category-destacado"],"aioseo_notices":[],"_links":{"self":[{"href":"https:\/\/pehsu.org\/wp\/index.php?rest_route=\/wp\/v2\/posts\/3104","targetHints":{"allow":["GET"]}}],"collection":[{"href":"https:\/\/pehsu.org\/wp\/index.php?rest_route=\/wp\/v2\/posts"}],"about":[{"href":"https:\/\/pehsu.org\/wp\/index.php?rest_route=\/wp\/v2\/types\/post"}],"author":[{"embeddable":true,"href":"https:\/\/pehsu.org\/wp\/index.php?rest_route=\/wp\/v2\/users\/1"}],"replies":[{"embeddable":true,"href":"https:\/\/pehsu.org\/wp\/index.php?rest_route=%2Fwp%2Fv2%2Fcomments&post=3104"}],"version-history":[{"count":20,"href":"https:\/\/pehsu.org\/wp\/index.php?rest_route=\/wp\/v2\/posts\/3104\/revisions"}],"predecessor-version":[{"id":4316,"href":"https:\/\/pehsu.org\/wp\/index.php?rest_route=\/wp\/v2\/posts\/3104\/revisions\/4316"}],"wp:featuredmedia":[{"embeddable":true,"href":"https:\/\/pehsu.org\/wp\/index.php?rest_route=\/wp\/v2\/media\/3939"}],"wp:attachment":[{"href":"https:\/\/pehsu.org\/wp\/index.php?rest_route=%2Fwp%2Fv2%2Fmedia&parent=3104"}],"wp:term":[{"taxonomy":"category","embeddable":true,"href":"https:\/\/pehsu.org\/wp\/index.php?rest_route=%2Fwp%2Fv2%2Fcategories&post=3104"},{"taxonomy":"post_tag","embeddable":true,"href":"https:\/\/pehsu.org\/wp\/index.php?rest_route=%2Fwp%2Fv2%2Ftags&post=3104"}],"curies":[{"name":"wp","href":"https:\/\/api.w.org\/{rel}","templated":true}]}}