

{"id":2997,"date":"2024-05-24T20:18:34","date_gmt":"2024-05-24T18:18:34","guid":{"rendered":"https:\/\/pehsu.org\/wp\/?p=2997"},"modified":"2024-05-30T02:32:15","modified_gmt":"2024-05-30T00:32:15","slug":"podcast-videos-participacion-pehsu","status":"publish","type":"post","link":"https:\/\/pehsu.org\/wp\/?p=2997","title":{"rendered":"PODCAST\/VIDEOS PARTICIPACI\u00d3N PEHSU"},"content":{"rendered":"\t\t<div data-elementor-type=\"wp-post\" data-elementor-id=\"2997\" class=\"elementor elementor-2997\">\n\t\t\t\t\t\t<section class=\"elementor-section elementor-top-section elementor-element elementor-element-e65ebbf elementor-section-boxed elementor-section-height-default elementor-section-height-default\" data-id=\"e65ebbf\" data-element_type=\"section\" data-e-type=\"section\">\n\t\t\t\t\t\t<div class=\"elementor-container elementor-column-gap-default\">\n\t\t\t\t\t<div class=\"elementor-column elementor-col-100 elementor-top-column elementor-element elementor-element-e079203\" data-id=\"e079203\" data-element_type=\"column\" data-e-type=\"column\">\n\t\t\t<div class=\"elementor-widget-wrap elementor-element-populated\">\n\t\t\t\t\t\t<div class=\"elementor-element elementor-element-a5dcc0f elementor-widget elementor-widget-heading\" data-id=\"a5dcc0f\" data-element_type=\"widget\" data-e-type=\"widget\" data-widget_type=\"heading.default\">\n\t\t\t\t<div class=\"elementor-widget-container\">\n\t\t\t\t\t<h2 class=\"elementor-heading-title elementor-size-default\">Podcast\/v\u00eddeos participaci\u00f3n PEHSU<\/h2>\t\t\t\t<\/div>\n\t\t\t\t<\/div>\n\t\t\t\t\t<\/div>\n\t\t<\/div>\n\t\t\t\t\t<\/div>\n\t\t<\/section>\n\t\t\t\t<section class=\"elementor-section elementor-top-section elementor-element elementor-element-c64d079 elementor-section-boxed elementor-section-height-default elementor-section-height-default\" data-id=\"c64d079\" data-element_type=\"section\" data-e-type=\"section\">\n\t\t\t\t\t\t<div class=\"elementor-container elementor-column-gap-default\">\n\t\t\t\t\t<div class=\"elementor-column elementor-col-100 elementor-top-column elementor-element elementor-element-65fecbf\" data-id=\"65fecbf\" data-element_type=\"column\" data-e-type=\"column\">\n\t\t\t<div class=\"elementor-widget-wrap elementor-element-populated\">\n\t\t\t\t\t\t<div class=\"elementor-element elementor-element-2c98a73f elementor-widget elementor-widget-text-editor\" data-id=\"2c98a73f\" data-element_type=\"widget\" data-e-type=\"widget\" data-widget_type=\"text-editor.default\">\n\t\t\t\t<div class=\"elementor-widget-container\">\n\t\t\t\t\t\t\t\t\t\n<h3 class=\"wp-block-heading\"><a href=\"https:\/\/www.orm.es\/programas\/tag\/dr-juan-antonio-ortega\/\" target=\"_blank\" rel=\"noreferrer noopener\" data-type=\"URL\" data-id=\"https:\/\/www.orm.es\/programas\/tag\/dr-juan-antonio-ortega\/\">En Onda Regional (podcast desde 2019)<\/a><\/h3>\n\n<h3 class=\"wp-block-heading\"><a href=\"https:\/\/podcasts.apple.com\/us\/podcast\/educaci%C3%B3n-medioambiental-con-juan-antonio-ortega\/id922694184?i=1000524604186\" target=\"_blank\" rel=\"noreferrer noopener\" data-type=\"URL\" data-id=\"https:\/\/podcasts.apple.com\/us\/podcast\/educaci%C3%B3n-medioambiental-con-juan-antonio-ortega\/id922694184?i=1000524604186\">Educaci\u00f3n medioambiental (Lactando 2021)<\/a><\/h3>\n\n<h3 class=\"wp-block-heading\"><a href=\"https:\/\/www.laverdad.es\/autor\/juan-antonio-ortega-garcia-3453.html\" target=\"_blank\" rel=\"noreferrer noopener\" data-type=\"URL\" data-id=\"https:\/\/www.laverdad.es\/autor\/juan-antonio-ortega-garcia-3453.html\">Columna de opini\u00f3n Diario La Verdad <\/a><\/h3>\n<h3><a href=\"https:\/\/cadenaser.com\/murcia\/2024\/05\/21\/proponen-la-creacion-del-observatorio-nacional-de-contaminacion-atmosferica-urbana-y-salud-respiratoria-en-ninos-radio-murcia\/\" target=\"_blank\" rel=\"noreferrer noopener\" data-type=\"URL\" data-id=\"https:\/\/www.laverdad.es\/autor\/juan-antonio-ortega-garcia-3453.html\">La ser Murcia\u00a0<\/a><\/h3>\n\n<h3 class=\"wp-block-heading\"><a href=\"https:\/\/www.cartv.es\/aragonradio\/podcast\/emision\/caminando-al-colegio\" target=\"_blank\" rel=\"noreferrer noopener\" data-type=\"URL\" data-id=\"https:\/\/www.cartv.es\/aragonradio\/podcast\/emision\/caminando-al-colegio\">Caminando al cole (despierta Arag\u00f3n) <\/a><\/h3>\n\t\t\t\t\t\t\t\t<\/div>\n\t\t\t\t<\/div>\n\t\t\t\t\t<\/div>\n\t\t<\/div>\n\t\t\t\t\t<\/div>\n\t\t<\/section>\n\t\t\t\t<\/div>\n\t\t","protected":false},"excerpt":{"rendered":"<p>Podcast\/v\u00eddeos participaci\u00f3n PEHSU En Onda Regional (podcast desde 2019) Educaci\u00f3n medioambiental (Lactando 2021) Columna de opini\u00f3n Diario La Verdad La ser Murcia\u00a0 Caminando al cole (despierta Arag\u00f3n)<\/p>\n","protected":false},"author":1,"featured_media":4257,"comment_status":"closed","ping_status":"closed","sticky":false,"template":"","format":"standard","meta":{"footnotes":""},"categories":[1],"tags":[],"class_list":["post-2997","post","type-post","status-publish","format-standard","has-post-thumbnail","hentry","category-destacado"],"aioseo_notices":[],"_links":{"self":[{"href":"https:\/\/pehsu.org\/wp\/index.php?rest_route=\/wp\/v2\/posts\/2997","targetHints":{"allow":["GET"]}}],"collection":[{"href":"https:\/\/pehsu.org\/wp\/index.php?rest_route=\/wp\/v2\/posts"}],"about":[{"href":"https:\/\/pehsu.org\/wp\/index.php?rest_route=\/wp\/v2\/types\/post"}],"author":[{"embeddable":true,"href":"https:\/\/pehsu.org\/wp\/index.php?rest_route=\/wp\/v2\/users\/1"}],"replies":[{"embeddable":true,"href":"https:\/\/pehsu.org\/wp\/index.php?rest_route=%2Fwp%2Fv2%2Fcomments&post=2997"}],"version-history":[{"count":13,"href":"https:\/\/pehsu.org\/wp\/index.php?rest_route=\/wp\/v2\/posts\/2997\/revisions"}],"predecessor-version":[{"id":4460,"href":"https:\/\/pehsu.org\/wp\/index.php?rest_route=\/wp\/v2\/posts\/2997\/revisions\/4460"}],"wp:featuredmedia":[{"embeddable":true,"href":"https:\/\/pehsu.org\/wp\/index.php?rest_route=\/wp\/v2\/media\/4257"}],"wp:attachment":[{"href":"https:\/\/pehsu.org\/wp\/index.php?rest_route=%2Fwp%2Fv2%2Fmedia&parent=2997"}],"wp:term":[{"taxonomy":"category","embeddable":true,"href":"https:\/\/pehsu.org\/wp\/index.php?rest_route=%2Fwp%2Fv2%2Fcategories&post=2997"},{"taxonomy":"post_tag","embeddable":true,"href":"https:\/\/pehsu.org\/wp\/index.php?rest_route=%2Fwp%2Fv2%2Ftags&post=2997"}],"curies":[{"name":"wp","href":"https:\/\/api.w.org\/{rel}","templated":true}]}}