

{"id":2756,"date":"2022-01-14T05:01:45","date_gmt":"2022-01-14T03:01:45","guid":{"rendered":"http:\/\/pehsu.org\/wp\/?p=2756"},"modified":"2024-05-27T17:21:15","modified_gmt":"2024-05-27T15:21:15","slug":"ii-foro-salud-y-medioambiente-lab","status":"publish","type":"post","link":"https:\/\/pehsu.org\/wp\/?p=2756","title":{"rendered":"II Foro Salud y Medioambiente Lab: Infancia, Salud Global y Mar Menor"},"content":{"rendered":"\t\t<div data-elementor-type=\"wp-post\" data-elementor-id=\"2756\" class=\"elementor elementor-2756\">\n\t\t\t\t\t\t<section class=\"elementor-section elementor-top-section elementor-element elementor-element-4ce5185 elementor-section-boxed elementor-section-height-default elementor-section-height-default\" data-id=\"4ce5185\" data-element_type=\"section\" data-e-type=\"section\">\n\t\t\t\t\t\t<div class=\"elementor-container elementor-column-gap-default\">\n\t\t\t\t\t<div class=\"elementor-column elementor-col-100 elementor-top-column elementor-element elementor-element-a948240\" data-id=\"a948240\" data-element_type=\"column\" data-e-type=\"column\">\n\t\t\t<div class=\"elementor-widget-wrap elementor-element-populated\">\n\t\t\t\t\t\t<div class=\"elementor-element elementor-element-87f6168 elementor-widget elementor-widget-heading\" data-id=\"87f6168\" data-element_type=\"widget\" data-e-type=\"widget\" data-widget_type=\"heading.default\">\n\t\t\t\t<div class=\"elementor-widget-container\">\n\t\t\t\t\t<h2 class=\"elementor-heading-title elementor-size-default\">II Foro Salud y Medioambiente Lab: Infancia, Salud Global y Mar Menor<\/h2>\t\t\t\t<\/div>\n\t\t\t\t<\/div>\n\t\t\t\t\t<\/div>\n\t\t<\/div>\n\t\t\t\t\t<\/div>\n\t\t<\/section>\n\t\t\t\t<section class=\"elementor-section elementor-top-section elementor-element elementor-element-59b72f83 elementor-section-boxed elementor-section-height-default elementor-section-height-default\" data-id=\"59b72f83\" data-element_type=\"section\" data-e-type=\"section\">\n\t\t\t\t\t\t<div class=\"elementor-container elementor-column-gap-default\">\n\t\t\t\t\t<div class=\"elementor-column elementor-col-100 elementor-top-column elementor-element elementor-element-173552ba\" data-id=\"173552ba\" data-element_type=\"column\" data-e-type=\"column\">\n\t\t\t<div class=\"elementor-widget-wrap elementor-element-populated\">\n\t\t\t\t\t\t<div class=\"elementor-element elementor-element-74cc9e31 elementor-widget elementor-widget-text-editor\" data-id=\"74cc9e31\" data-element_type=\"widget\" data-e-type=\"widget\" data-widget_type=\"text-editor.default\">\n\t\t\t\t<div class=\"elementor-widget-container\">\n\t\t\t\t\t\t\t\t\t<p><\/p>\n<h1 class=\"wp-block-heading\"><span style=\"color: rgb(82, 165, 134); font-size: 1.875rem;\">\u201cEcosistemas Saludables, Ciudadanos Saludables\u201d.<\/span><br \/><\/h1>\n<p><\/p>\n<p><\/p>\n<h2 class=\"wp-block-heading\">OBJETIVOS<\/h2>\n<p><\/p>\n<p><\/p>\n<ol class=\"wp-block-list\">\n<li>Crear un entorno para la reflexi\u00f3n colaborativa y el intercambio de conocimiento que ayude a identificar oportunidades y soluciones innovadoras a los principales retos y problemas de salud medioambiental en general, de la etapa infanto-juvenil en particular, en relaci\u00f3n con el Mar Menor.<\/li>\n<li>Fortalecer espacios de di\u00e1logo y debate cient\u00edfico y social en salud y medio ambiente marino en la b\u00fasqueda de soluciones creativas e innovadoras a la degradaci\u00f3n del Mar Menor.<\/li>\n<li>Contribuir a la vertebraci\u00f3n del territorio y sentido de pertenencia promoviendo el establecimiento de un nuevo contrato social con el Mar Menor&nbsp; basado en la ternura y reciprocidad.<\/li>\n<\/ol>\n<p><\/p>\n<p><\/p>\n<p><strong>FECHAS DESTACADAS:<\/strong><\/p>\n<p><\/p>\n<p><\/p>\n<p><strong>Periodo de matr\u00edcula:&nbsp;<\/strong>del 02\/03\/2022 al 15\/04\/2022<\/p>\n<p><\/p>\n<p><\/p>\n<p><strong>Periodo Lectivo:&nbsp;<\/strong>del 22\/04\/2022 al 08\/05\/2022<\/p>\n<p><\/p>\n<p><\/p>\n<p><strong>Duraci\u00f3n de la actividad:<\/strong>&nbsp;30 horas.<\/p>\n<p><\/p>\n<p><\/p>\n<figure class=\"wp-block-embed is-type-wp-embed is-provider-isen-centro-universitario wp-block-embed-isen-centro-universitario\">\n<div class=\"wp-block-embed__wrapper\">\n<blockquote class=\"wp-embedded-content\" data-secret=\"Qp3FucnJIH\"><a href=\"https:\/\/isen.es\/foro-universitario-salud-y-medioambiente-lab-mar-menor\/\">II FORO UNIVERSITARIO SALUD Y MEDIOAMBIENTE LAB<\/a><\/blockquote><iframe class=\"wp-embedded-content\" sandbox=\"allow-scripts\" security=\"restricted\" style=\"position: absolute; clip: rect(1px, 1px, 1px, 1px);\" title=\"\u00abII FORO UNIVERSITARIO SALUD Y MEDIOAMBIENTE LAB\u00bb \u2014 ISEN Centro Universitario\" src=\"https:\/\/isen.es\/foro-universitario-salud-y-medioambiente-lab-mar-menor\/embed\/#?secret=gSwPyajbet#?secret=Qp3FucnJIH\" data-secret=\"Qp3FucnJIH\" width=\"600\" height=\"338\" frameborder=\"0\" marginwidth=\"0\" marginheight=\"0\" scrolling=\"no\"><\/iframe>\n<\/div>\n<figcaption>TODA LA INFORMACI\u00d3N <\/figcaption>\n<\/figure>\n<p><\/p>\n<p><\/p>\n<p><\/p>\t\t\t\t\t\t\t\t<\/div>\n\t\t\t\t<\/div>\n\t\t\t\t\t<\/div>\n\t\t<\/div>\n\t\t\t\t\t<\/div>\n\t\t<\/section>\n\t\t\t\t<\/div>\n\t\t","protected":false},"excerpt":{"rendered":"<p>II Foro Salud y Medioambiente Lab: Infancia, Salud Global y Mar Menor \u201cEcosistemas Saludables, Ciudadanos Saludables\u201d. OBJETIVOS Crear un entorno para la reflexi\u00f3n colaborativa y el intercambio de conocimiento que ayude a identificar oportunidades y soluciones innovadoras a los principales retos y problemas de salud medioambiental en general, de la etapa infanto-juvenil en particular, en &hellip; <\/p>\n<p class=\"link-more\"><a href=\"https:\/\/pehsu.org\/wp\/?p=2756\" class=\"more-link\">Leer m\u00e1s<span class=\"screen-reader-text\"> \u00abII Foro Salud y Medioambiente Lab: Infancia, Salud Global y Mar Menor\u00bb<\/span><\/a><\/p>\n","protected":false},"author":1,"featured_media":2771,"comment_status":"closed","ping_status":"closed","sticky":false,"template":"","format":"standard","meta":{"footnotes":""},"categories":[1],"tags":[],"class_list":["post-2756","post","type-post","status-publish","format-standard","has-post-thumbnail","hentry","category-destacado"],"aioseo_notices":[],"_links":{"self":[{"href":"https:\/\/pehsu.org\/wp\/index.php?rest_route=\/wp\/v2\/posts\/2756","targetHints":{"allow":["GET"]}}],"collection":[{"href":"https:\/\/pehsu.org\/wp\/index.php?rest_route=\/wp\/v2\/posts"}],"about":[{"href":"https:\/\/pehsu.org\/wp\/index.php?rest_route=\/wp\/v2\/types\/post"}],"author":[{"embeddable":true,"href":"https:\/\/pehsu.org\/wp\/index.php?rest_route=\/wp\/v2\/users\/1"}],"replies":[{"embeddable":true,"href":"https:\/\/pehsu.org\/wp\/index.php?rest_route=%2Fwp%2Fv2%2Fcomments&post=2756"}],"version-history":[{"count":9,"href":"https:\/\/pehsu.org\/wp\/index.php?rest_route=\/wp\/v2\/posts\/2756\/revisions"}],"predecessor-version":[{"id":4343,"href":"https:\/\/pehsu.org\/wp\/index.php?rest_route=\/wp\/v2\/posts\/2756\/revisions\/4343"}],"wp:featuredmedia":[{"embeddable":true,"href":"https:\/\/pehsu.org\/wp\/index.php?rest_route=\/wp\/v2\/media\/2771"}],"wp:attachment":[{"href":"https:\/\/pehsu.org\/wp\/index.php?rest_route=%2Fwp%2Fv2%2Fmedia&parent=2756"}],"wp:term":[{"taxonomy":"category","embeddable":true,"href":"https:\/\/pehsu.org\/wp\/index.php?rest_route=%2Fwp%2Fv2%2Fcategories&post=2756"},{"taxonomy":"post_tag","embeddable":true,"href":"https:\/\/pehsu.org\/wp\/index.php?rest_route=%2Fwp%2Fv2%2Ftags&post=2756"}],"curies":[{"name":"wp","href":"https:\/\/api.w.org\/{rel}","templated":true}]}}