

{"id":2362,"date":"2020-11-29T13:51:44","date_gmt":"2020-11-29T11:51:44","guid":{"rendered":"http:\/\/pehsu.org\/wp\/?p=2362"},"modified":"2024-05-27T17:23:12","modified_gmt":"2024-05-27T15:23:12","slug":"programa-lideres-de-la-salud-medioambiental-en-la-region-de-murcia-un-modelo-para-innovar","status":"publish","type":"post","link":"https:\/\/pehsu.org\/wp\/?p=2362","title":{"rendered":"PROGRAMA LIDERES DE LA SALUD MEDIOAMBIENTAL EN LA REGI\u00d3N DE MURCIA: UN MODELO PARA INNOVAR"},"content":{"rendered":"\t\t<div data-elementor-type=\"wp-post\" data-elementor-id=\"2362\" class=\"elementor elementor-2362\">\n\t\t\t\t\t\t<section class=\"elementor-section elementor-top-section elementor-element elementor-element-7d19899 elementor-section-boxed elementor-section-height-default elementor-section-height-default\" data-id=\"7d19899\" data-element_type=\"section\" data-e-type=\"section\">\n\t\t\t\t\t\t<div class=\"elementor-container elementor-column-gap-default\">\n\t\t\t\t\t<div class=\"elementor-column elementor-col-100 elementor-top-column elementor-element elementor-element-c85524e\" data-id=\"c85524e\" data-element_type=\"column\" data-e-type=\"column\">\n\t\t\t<div class=\"elementor-widget-wrap elementor-element-populated\">\n\t\t\t\t\t\t<div class=\"elementor-element elementor-element-843280e elementor-widget elementor-widget-heading\" data-id=\"843280e\" data-element_type=\"widget\" data-e-type=\"widget\" data-widget_type=\"heading.default\">\n\t\t\t\t<div class=\"elementor-widget-container\">\n\t\t\t\t\t<h2 class=\"elementor-heading-title elementor-size-default\">Programa lideres de la salud medioambiental en la region de Murcia: <br>Un modelo para innovar<\/h2>\t\t\t\t<\/div>\n\t\t\t\t<\/div>\n\t\t\t\t\t<\/div>\n\t\t<\/div>\n\t\t\t\t\t<\/div>\n\t\t<\/section>\n\t\t\t\t<section class=\"elementor-section elementor-top-section elementor-element elementor-element-9f76a7b elementor-section-boxed elementor-section-height-default elementor-section-height-default\" data-id=\"9f76a7b\" data-element_type=\"section\" data-e-type=\"section\">\n\t\t\t\t\t\t<div class=\"elementor-container elementor-column-gap-default\">\n\t\t\t\t\t<div class=\"elementor-column elementor-col-100 elementor-top-column elementor-element elementor-element-3bdbff0c\" data-id=\"3bdbff0c\" data-element_type=\"column\" data-e-type=\"column\">\n\t\t\t<div class=\"elementor-widget-wrap elementor-element-populated\">\n\t\t\t\t\t\t<div class=\"elementor-element elementor-element-3faca331 elementor-widget elementor-widget-text-editor\" data-id=\"3faca331\" data-element_type=\"widget\" data-e-type=\"widget\" data-widget_type=\"text-editor.default\">\n\t\t\t\t<div class=\"elementor-widget-container\">\n\t\t\t\t\t\t\t\t\t<p><a href=\"http:\/\/pehsu.org\/wp\/wp-content\/uploads\/red_sma.jpeg\"><img fetchpriority=\"high\" decoding=\"async\" class=\"alignleft size-medium wp-image-2406\" title=\"red_sma\" src=\"http:\/\/pehsu.org\/wp\/wp-content\/uploads\/red_sma-300x179.jpg\" alt=\"\" width=\"300\" height=\"179\" srcset=\"https:\/\/pehsu.org\/wp\/wp-content\/uploads\/red_sma-300x179.jpg 300w, https:\/\/pehsu.org\/wp\/wp-content\/uploads\/red_sma.jpeg 800w\" sizes=\"(max-width: 300px) 100vw, 300px\" \/><\/a>La salud medioambiental constituye uno de los principales retos sanitarios del siglo XXI. La creciente conciencia social de la relaci\u00f3n entre salud y ambiente es el principal motor que impulsa la necesaria capacitaci\u00f3n de los profesionales de la salud y el ambiente.<br \/>La<strong> Consejer\u00eda de Salud de la Regi\u00f3n de Murcia,<\/strong> ha puesto en marcha un <strong>Programa de Salud Medioambiental en tiempos de la Covid-19 (2020-2023),<\/strong> en la primera etapa 20-21 denominada \u2018tejiendo la red de trabajo de Salud Medioambiental\u2019. El primer paso es identificar a las personas motivadas o interesadas en la salud medioambiental para crear redes en las \u00c1reas de Salud de la Regi\u00f3n de Murcia. <a href=\"http:\/\/pehsu.org\/wp\/wp-content\/uploads\/programa_regional_lideres.pdf\">programa_regional_lideres<\/a><\/p><hr \/><p><a href=\"http:\/\/pehsu.org\/wp\/wp-content\/uploads\/foto_liderescarm.jpg\"><img decoding=\"async\" class=\"alignright size-medium wp-image-2368\" title=\"foto_liderescarm\" src=\"http:\/\/pehsu.org\/wp\/wp-content\/uploads\/foto_liderescarm-300x141.jpg\" alt=\"\" width=\"300\" height=\"141\" srcset=\"https:\/\/pehsu.org\/wp\/wp-content\/uploads\/foto_liderescarm-300x141.jpg 300w, https:\/\/pehsu.org\/wp\/wp-content\/uploads\/foto_liderescarm-1024x484.jpg 1024w, https:\/\/pehsu.org\/wp\/wp-content\/uploads\/foto_liderescarm.jpg 1134w\" sizes=\"(max-width: 300px) 100vw, 300px\" \/><\/a>La emergencia clim\u00e1tica, los cambios provocados por el hombre en la naturaleza, la p\u00e9rdida de biodiversidad, la deforestaci\u00f3n, la contaminaci\u00f3n de los suelos y del aire, el deterioro de la salud de los mares y oc\u00e9anos contribuyen a aumentar las enfermedades cr\u00f3nicas y tambi\u00e9n la transmisi\u00f3n de enfermedades infecciosas de animales a humanos como el Coronavirus. Proteger la Salud y Proteger el Medioambiente es algo indisoluble. Ahora nos enfrentamos a Covid-19, una pandemia sanitaria mundial con una fuerte relaci\u00f3n con la salud de nuestros ecosistemas. La Madre Naturaleza nos ha enviado un mensaje muy fuerte. Nos pide que actuemos. \u2018Es urgente reconectar al ser humano y los sistemas de salud con la naturaleza\u2019, m\u00e1s que la humanizaci\u00f3n, el desaf\u00edo de los sistemas sanitarios es la Naturalizaci\u00f3n porque somos Naturaleza\u2019 nos recuerda el Dr Ortega coordinador de la Red <a href=\"http:\/\/pehsu.org\/wp\/wp-content\/uploads\/Nota_unidad_regional.pdf\">Nota_unidad_regional<\/a>.<\/p><hr \/><p><strong>En este programa pretende promover la innovaci\u00f3n social creando capacidades nuevas a trav\u00e9s de una red colaborativa de unidades de Salud Medioambiental con especial atenci\u00f3n a la Infancia y Adolescencia integrada en los sistemas de salud formando a l\u00edderes en salud medioambiental incorporando las experiencias y herramientas, y el contacto con la naturaleza en el medio ambiente urbano y espacios naturales y potenciando las actividades de salud y educaci\u00f3n para la salud en entornos m\u00e1s saludables y con menor riesgo de transmisi\u00f3n de Covid-19.<br \/><\/strong><\/p><hr \/><p><strong>Escribe los 2 hashtags para seguirnos en redes: #Lideres #SaludMedioambiental <\/strong><\/p><hr \/><p>Un nuevo enfoque a trav\u00e9s de paquetes compactos e integradores que acerquen al alumno a los problemas y le ayuden a buscar las mejores soluciones parece clave. Este curso est\u00e1 integrado en el paquete de entrenamiento de salud medioambiental en los tiempos de la COVID-19 y para la prevenci\u00f3n de las enfermedades cr\u00f3nicas en la Regi\u00f3n de Murcia. Plan Estrat\u00e9gico Com\u00fan 2020. Curso introductorio <strong><a href=\"https:\/\/www.ffis.es\/pec2020\/mostrarcurso.php?id=1832&amp;ed=1&amp;of=18\">Innovaci\u00f3n y liderazgo en salud medioambiental para la Regi\u00f3n de Murcia<\/a><\/strong>.<\/p><hr \/><p>Podr\u00e1s seguir las acciones acad\u00e9micas por el canal de YouTube en directo a partir del d\u00eda 30 de noviembre.<\/p><hr \/><p><a href=\"http:\/\/pehsu.org\/wp\/wp-content\/uploads\/lideres_carm2.jpg\"><img decoding=\"async\" class=\"alignleft size-thumbnail wp-image-2369\" title=\"lideres_carm2\" src=\"http:\/\/pehsu.org\/wp\/wp-content\/uploads\/lideres_carm2-150x150.jpg\" alt=\"\" width=\"150\" height=\"150\" \/><\/a>METODOLOG\u00cdA: Aprender-haciendo a trav\u00e9s de la creaci\u00f3n de entornos personales de aprendizaje. Los miembros de la red (l\u00edderes y colaboradores) estamos trabajando en una red social que vamos a usar como bit\u00e1cora del proceso de aprendizaje. Descarga el INNOVADOR <a href=\"http:\/\/pehsu.org\/wp\/wp-content\/uploads\/CURSO_05.pdf\"><strong> PROGRAMA DEL CURSO<\/strong><\/a> En el participan activos muy importantes de la Comunidad y contribuir\u00e1n a <strong>fortalecer las capacidades de liderazgo a trav\u00e9s de los valores y el aprender-haciendo. <\/strong><\/p><hr \/><p>Trabajamos en la <a href=\"http:\/\/saludmedioambiental.ning.com \"><strong>RED SOCIAL<\/strong><\/a> del curso creada desde la Regi\u00f3n de Murcia donde ya hay <strong>M\u00c1S DE 500 PROFESIONALES<\/strong> de m\u00e1s de 20 nacionalidades interesados en la <strong>ALIANZA GLOBAL PARA LA SALUD Y EL MEDIOAMBIENTE<\/strong>. <a href=\"http:\/\/saludmedioambiental.ning.com \">\u00danete a nosotros<\/a> \u00a1\u00a1\u00a1.<\/p><hr \/><p>Podr\u00e1s seguirlo por canal de YouTube en directo a partir del d\u00eda 30 de noviembre. <strong>Atentos los hashtag para seguirnos en redes sociales: #Lideres de la #SaludMedioambiental <\/strong><\/p><hr \/><p><iframe src=\"https:\/\/www.youtube.com\/embed\/SbDvJp-_pio\" width=\"560\" height=\"315\" frameborder=\"0\" allowfullscreen=\"allowfullscreen\"><\/iframe><iframe src=\"https:\/\/www.youtube.com\/embed\/7t0vgDtvbwM\" width=\"560\" height=\"315\" frameborder=\"0\" allowfullscreen=\"allowfullscreen\"><\/iframe><\/p><hr \/><p><strong>NOTICIAS SOBRE EL PROGRAMA: <\/strong><\/p><ul><li><strong>AUDIO EXPLICATIVO EN ONDA REGIONAL: EL ROMPEOLAS <\/strong><a href=\"https:\/\/www.orm.es\/programas\/el-rompeolas\/el-rompeolas-t03-futuro-sostenible-salud-y-medioambiente-un-binomio-inseparable-14-11-2020\/\">Futuro sostenible. Salud y medioambiente, un binomio inseparable<\/a> (14\/11\/2020)<\/li><li><strong>CARM.ES<\/strong>: <a href=\"http:\/\/www.carm.es\/web\/pagina?IDCONTENIDO=109226&amp;IDTIPO=10&amp;RASTRO=c819$s3$m\">Salud desarrolla el programa &#8216;L\u00edderes de Salud Medioambiental&#8217; para impulsar iniciativas que potencien entornos m\u00e1s saludables<\/a><\/li><li><strong>LA OPINI\u00d3N DE MURCIA.<\/strong> <a href=\"https:\/\/www.laopiniondemurcia.es\/comunidad\/2020\/10\/19\/sms-detectara-riesgos-medioambientales-salud\/1154905.html\">El SMS detectar\u00e1 los riesgos medioambientales para la salud en las \u00e1reas sanitaria<\/a>s<\/li><li><strong>MURCIA ECONOM\u00cdA<\/strong> <a href=\"https:\/\/murciaeconomia.com\/art\/74531\/salud-desarrolla-lideres-de-salud-medioambiental-para-impulsar-iniciativas-que-potencien-entornos-mas-saludables\">Salud desarrolla \u2018L\u00edderes de Salud Medioambiental\u2019 para impulsar iniciativas que potencien entornos m\u00e1s saludables<\/a> (10\/11\/2020)<\/li><\/ul>\t\t\t\t\t\t\t\t<\/div>\n\t\t\t\t<\/div>\n\t\t\t\t\t<\/div>\n\t\t<\/div>\n\t\t\t\t\t<\/div>\n\t\t<\/section>\n\t\t\t\t<\/div>\n\t\t","protected":false},"excerpt":{"rendered":"<p>Programa lideres de la salud medioambiental en la region de Murcia: Un modelo para innovar La salud medioambiental constituye uno de los principales retos sanitarios del siglo XXI. La creciente conciencia social de la relaci\u00f3n entre salud y ambiente es el principal motor que impulsa la necesaria capacitaci\u00f3n de los profesionales de la salud y &hellip; <\/p>\n<p class=\"link-more\"><a href=\"https:\/\/pehsu.org\/wp\/?p=2362\" class=\"more-link\">Leer m\u00e1s<span class=\"screen-reader-text\"> \u00abPROGRAMA LIDERES DE LA SALUD MEDIOAMBIENTAL EN LA REGI\u00d3N DE MURCIA: UN MODELO PARA INNOVAR\u00bb<\/span><\/a><\/p>\n","protected":false},"author":1,"featured_media":2406,"comment_status":"closed","ping_status":"closed","sticky":false,"template":"","format":"standard","meta":{"footnotes":""},"categories":[1],"tags":[],"class_list":["post-2362","post","type-post","status-publish","format-standard","has-post-thumbnail","hentry","category-destacado"],"aioseo_notices":[],"_links":{"self":[{"href":"https:\/\/pehsu.org\/wp\/index.php?rest_route=\/wp\/v2\/posts\/2362","targetHints":{"allow":["GET"]}}],"collection":[{"href":"https:\/\/pehsu.org\/wp\/index.php?rest_route=\/wp\/v2\/posts"}],"about":[{"href":"https:\/\/pehsu.org\/wp\/index.php?rest_route=\/wp\/v2\/types\/post"}],"author":[{"embeddable":true,"href":"https:\/\/pehsu.org\/wp\/index.php?rest_route=\/wp\/v2\/users\/1"}],"replies":[{"embeddable":true,"href":"https:\/\/pehsu.org\/wp\/index.php?rest_route=%2Fwp%2Fv2%2Fcomments&post=2362"}],"version-history":[{"count":71,"href":"https:\/\/pehsu.org\/wp\/index.php?rest_route=\/wp\/v2\/posts\/2362\/revisions"}],"predecessor-version":[{"id":4358,"href":"https:\/\/pehsu.org\/wp\/index.php?rest_route=\/wp\/v2\/posts\/2362\/revisions\/4358"}],"wp:featuredmedia":[{"embeddable":true,"href":"https:\/\/pehsu.org\/wp\/index.php?rest_route=\/wp\/v2\/media\/2406"}],"wp:attachment":[{"href":"https:\/\/pehsu.org\/wp\/index.php?rest_route=%2Fwp%2Fv2%2Fmedia&parent=2362"}],"wp:term":[{"taxonomy":"category","embeddable":true,"href":"https:\/\/pehsu.org\/wp\/index.php?rest_route=%2Fwp%2Fv2%2Fcategories&post=2362"},{"taxonomy":"post_tag","embeddable":true,"href":"https:\/\/pehsu.org\/wp\/index.php?rest_route=%2Fwp%2Fv2%2Ftags&post=2362"}],"curies":[{"name":"wp","href":"https:\/\/api.w.org\/{rel}","templated":true}]}}