

{"id":2274,"date":"2020-07-24T01:42:06","date_gmt":"2020-07-23T23:42:06","guid":{"rendered":"http:\/\/pehsu.org\/wp\/?p=2274"},"modified":"2024-05-27T17:26:30","modified_gmt":"2024-05-27T15:26:30","slug":"covid19-un-contaminante-que-flota-en-el-aire","status":"publish","type":"post","link":"https:\/\/pehsu.org\/wp\/?p=2274","title":{"rendered":"COVID19 UN CONTAMINANTE QUE FLOTA EN EL AIRE.  ADAPTARSE Y SOBREVIVIR"},"content":{"rendered":"\t\t<div data-elementor-type=\"wp-post\" data-elementor-id=\"2274\" class=\"elementor elementor-2274\">\n\t\t\t\t\t\t<section class=\"elementor-section elementor-top-section elementor-element elementor-element-050a24a elementor-section-boxed elementor-section-height-default elementor-section-height-default\" data-id=\"050a24a\" data-element_type=\"section\" data-e-type=\"section\">\n\t\t\t\t\t\t<div class=\"elementor-container elementor-column-gap-default\">\n\t\t\t\t\t<div class=\"elementor-column elementor-col-100 elementor-top-column elementor-element elementor-element-e1a2bb7\" data-id=\"e1a2bb7\" data-element_type=\"column\" data-e-type=\"column\">\n\t\t\t<div class=\"elementor-widget-wrap elementor-element-populated\">\n\t\t\t\t\t\t<div class=\"elementor-element elementor-element-2e9b948 elementor-widget elementor-widget-heading\" data-id=\"2e9b948\" data-element_type=\"widget\" data-e-type=\"widget\" data-widget_type=\"heading.default\">\n\t\t\t\t<div class=\"elementor-widget-container\">\n\t\t\t\t\t<h2 class=\"elementor-heading-title elementor-size-default\"><h2 data-elementor-setting-key=\"title\" data-pen-placeholder=\"Teclea aqu\u00ed...\" style=\"font-weight: var( --e-global-typography-primary-font-weight );font-family: Magra, sans-serif\"><font color=\"#005e45\">Covid19: Un contaminante que flota en el aire. Adaptarse y sobrevivir.<\/font><\/h2><\/h2>\t\t\t\t<\/div>\n\t\t\t\t<\/div>\n\t\t\t\t\t<\/div>\n\t\t<\/div>\n\t\t\t\t\t<\/div>\n\t\t<\/section>\n\t\t\t\t<section class=\"elementor-section elementor-top-section elementor-element elementor-element-695d478c elementor-section-boxed elementor-section-height-default elementor-section-height-default\" data-id=\"695d478c\" data-element_type=\"section\" data-e-type=\"section\">\n\t\t\t\t\t\t<div class=\"elementor-container elementor-column-gap-default\">\n\t\t\t\t\t<div class=\"elementor-column elementor-col-100 elementor-top-column elementor-element elementor-element-312c8e25\" data-id=\"312c8e25\" data-element_type=\"column\" data-e-type=\"column\">\n\t\t\t<div class=\"elementor-widget-wrap elementor-element-populated\">\n\t\t\t\t\t\t<div class=\"elementor-element elementor-element-76c644d7 elementor-widget elementor-widget-text-editor\" data-id=\"76c644d7\" data-element_type=\"widget\" data-e-type=\"widget\" data-widget_type=\"text-editor.default\">\n\t\t\t\t<div class=\"elementor-widget-container\">\n\t\t\t\t\t\t\t\t\t<p><strong>Un enfoque desde la Salud Medioambiental para reducir la transmisi\u00f3n de Sars-CoV2.<\/strong><\/p>\r\n<p>No podemos ser como antes pero con miedo, tenemos que aprovechar y conseguir una r\u00e1pida adaptaci\u00f3n al terreno, cambiar las cosas para bien y reducir la vulnerabilidad de nuestra salud sin perder de vista la recuperaci\u00f3n econ\u00f3mica y social. La Verdad 05\/08\/20 <a href=\"https:\/\/www.laverdad.es\/opinion\/adaptarse-sobrevivir-20200805233617-ntvo.html\">Adaptarse y Sobrevivir<\/a><\/p>\r\n<hr \/>\r\n<p><a href=\"http:\/\/pehsu.org\/wp\/wp-content\/uploads\/COVID19_flota_enel_aire.pdf\">\r\n<p><href =\"http:\/\/pehsu.org\/wp\/wp-content\/uploads\/covid_aire_interior.jpg\"><img fetchpriority=\"high\" decoding=\"async\" src=\"http:\/\/pehsu.org\/wp\/wp-content\/uploads\/covid_aire_interior-208x300.jpg\" alt=\"\" title=\"covid_aire_interior\" width=\"208\" height=\"300\" class=\"alignright size-medium wp-image-2282\" srcset=\"https:\/\/pehsu.org\/wp\/wp-content\/uploads\/covid_aire_interior-208x300.jpg 208w, https:\/\/pehsu.org\/wp\/wp-content\/uploads\/covid_aire_interior.jpg 500w\" sizes=\"(max-width: 208px) 100vw, 208px\" \/><\/href><\/p><\/a><\/p>\r\n<strong>La pandemia sanitaria mundial por Sars-CoV2 tiene una fuerte relaci\u00f3n con la salud de nuestros\r\necosistemas. <\/strong>Al mismo tiempo, covid19 es un contaminante biol\u00f3gico medioambiental del aire, que se concentra y deposita durante horas en los espacios interiores. La aparici\u00f3n de rebrotes vinculados a la contaminaci\u00f3n del aire interior ha hecho saltar las alarmas en toda Espa\u00f1a.\r\n\r\n<strong>J\u00f3venes y adultos pasamos cada vez m\u00e1s tiempo en espacios cerrados o poco ventilados.<\/strong> \r\nCon un enfoque desde la salud medioambiental en este manifiesto proponemos una serie de medidas que pueden ser \u00fatiles para reducir la transmisi\u00f3n de Sars-CoV2 y disminuir la carga viral en el aire interior de escuelas, lugares de ocio y trabajo. \r\n<hr \/>\r\n<a href=\"http:\/\/pehsu.org\/wp\/wp-content\/uploads\/flotaEnelaire.jpg\"><img decoding=\"async\" src=\"http:\/\/pehsu.org\/wp\/wp-content\/uploads\/flotaEnelaire-300x150.jpg\" alt=\"\" title=\"flotaEnelaire\" width=\"300\" height=\"150\" class=\"alignright size-medium wp-image-2301\" srcset=\"https:\/\/pehsu.org\/wp\/wp-content\/uploads\/flotaEnelaire-300x150.jpg 300w, https:\/\/pehsu.org\/wp\/wp-content\/uploads\/flotaEnelaire.jpg 960w\" sizes=\"(max-width: 300px) 100vw, 300px\" \/><\/a>\r\n<p><strong>Descarga las recomendaciones del Comit\u00e9 de Salud Medioambiental de la AEP <a href=\"https:\/\/www.aeped.es\/sites\/default\/files\/covid19flotaenelaire212.pdf\">resumen ejecutivo, an\u00e1lisis y propuestas general para empresas y sociedad aqu\u00ed<\/a><\/strong><\/p>\r\n<strong>Las <a href=\"https:\/\/www.aeped.es\/sites\/default\/files\/escuela_covid_csm.pdf\">15 CLAVES PARA ABRIR M\u00c1S TRANQUILOS LA ESCUELA<\/a>. <\/strong> (versi\u00f3n 0.1, actualizado 7\/08\/20).\r\n<hr \/>\r\n<strong>Queremos alcanzar aulas y colegios resilientes para una pandemia.<\/strong> Visita nuestra propuesta de sem\u00e1foro basada en la implementaci\u00f3n de un programa de salud ambiental escolar y la incidencia de la pandemia en el distrito, municipio o barrio. <a href=\"http:\/\/pehsu.org\/wp\/wp-content\/uploads\/escuela_nivel_covid.jpg\"><img decoding=\"async\" src=\"http:\/\/pehsu.org\/wp\/wp-content\/uploads\/escuela_nivel_covid.jpg\" alt=\"\" title=\"escuela_nivel_covid\" width=\"5112\" height=\"2880\" class=\"aligncenter size-full wp-image-2338\" srcset=\"https:\/\/pehsu.org\/wp\/wp-content\/uploads\/escuela_nivel_covid.jpg 5112w, https:\/\/pehsu.org\/wp\/wp-content\/uploads\/escuela_nivel_covid-300x169.jpg 300w, https:\/\/pehsu.org\/wp\/wp-content\/uploads\/escuela_nivel_covid-1024x576.jpg 1024w\" sizes=\"(max-width: 5112px) 100vw, 5112px\" \/><\/a>\r\nEl nivel rojo, dependiendo podr\u00eda situarse a partir de 250. \r\n<hr \/>\r\nVisita la web del <a href=\"https:\/\/www.aeped.es\/comite-salud-medioambiental\/noticias\/sars-cov-2-como-un-contaminante-biologico-aire-interior-un-enfoque-desde\">Comit\u00e9 del Comit\u00e9 de Salud Medioambiental <\/a>\r\n<hr \/>\r\n<strong>Visita nuestra Secci\u00f3n sobre Medioambiente y Escuela. Salud Medioambiental Escolar<\/strong> <a href=\"http:\/\/pehsu.org\/wp\/?page_id=1338\">Informaci\u00f3n muy interesante aqu\u00ed<\/a>. \r\n<strong>\u00bfTe gustar\u00eda tener formaci\u00f3n en Salud Medioambiental Escolar?<\/strong> Ojea algunos de nuestros <a href=\"http:\/\/pehsu.org\/wp\/?p=1519\">programas acad\u00e9micos aqu\u00ed.<\/a>  \t\t\t\t\t\t\t\t<\/div>\n\t\t\t\t<\/div>\n\t\t\t\t\t<\/div>\n\t\t<\/div>\n\t\t\t\t\t<\/div>\n\t\t<\/section>\n\t\t\t\t<\/div>\n\t\t","protected":false},"excerpt":{"rendered":"<p>Covid19: Un contaminante que flota en el aire. Adaptarse y sobrevivir. Un enfoque desde la Salud Medioambiental para reducir la transmisi\u00f3n de Sars-CoV2. No podemos ser como antes pero con miedo, tenemos que aprovechar y conseguir una r\u00e1pida adaptaci\u00f3n al terreno, cambiar las cosas para bien y reducir la vulnerabilidad de nuestra salud sin perder &hellip; <\/p>\n<p class=\"link-more\"><a href=\"https:\/\/pehsu.org\/wp\/?p=2274\" class=\"more-link\">Leer m\u00e1s<span class=\"screen-reader-text\"> \u00abCOVID19 UN CONTAMINANTE QUE FLOTA EN EL AIRE.  ADAPTARSE Y SOBREVIVIR\u00bb<\/span><\/a><\/p>\n","protected":false},"author":1,"featured_media":4206,"comment_status":"closed","ping_status":"closed","sticky":false,"template":"","format":"gallery","meta":{"footnotes":""},"categories":[1],"tags":[],"class_list":["post-2274","post","type-post","status-publish","format-gallery","has-post-thumbnail","hentry","category-destacado","post_format-post-format-gallery"],"aioseo_notices":[],"_links":{"self":[{"href":"https:\/\/pehsu.org\/wp\/index.php?rest_route=\/wp\/v2\/posts\/2274","targetHints":{"allow":["GET"]}}],"collection":[{"href":"https:\/\/pehsu.org\/wp\/index.php?rest_route=\/wp\/v2\/posts"}],"about":[{"href":"https:\/\/pehsu.org\/wp\/index.php?rest_route=\/wp\/v2\/types\/post"}],"author":[{"embeddable":true,"href":"https:\/\/pehsu.org\/wp\/index.php?rest_route=\/wp\/v2\/users\/1"}],"replies":[{"embeddable":true,"href":"https:\/\/pehsu.org\/wp\/index.php?rest_route=%2Fwp%2Fv2%2Fcomments&post=2274"}],"version-history":[{"count":49,"href":"https:\/\/pehsu.org\/wp\/index.php?rest_route=\/wp\/v2\/posts\/2274\/revisions"}],"predecessor-version":[{"id":4361,"href":"https:\/\/pehsu.org\/wp\/index.php?rest_route=\/wp\/v2\/posts\/2274\/revisions\/4361"}],"wp:featuredmedia":[{"embeddable":true,"href":"https:\/\/pehsu.org\/wp\/index.php?rest_route=\/wp\/v2\/media\/4206"}],"wp:attachment":[{"href":"https:\/\/pehsu.org\/wp\/index.php?rest_route=%2Fwp%2Fv2%2Fmedia&parent=2274"}],"wp:term":[{"taxonomy":"category","embeddable":true,"href":"https:\/\/pehsu.org\/wp\/index.php?rest_route=%2Fwp%2Fv2%2Fcategories&post=2274"},{"taxonomy":"post_tag","embeddable":true,"href":"https:\/\/pehsu.org\/wp\/index.php?rest_route=%2Fwp%2Fv2%2Ftags&post=2274"}],"curies":[{"name":"wp","href":"https:\/\/api.w.org\/{rel}","templated":true}]}}