

{"id":2236,"date":"2020-02-12T21:44:10","date_gmt":"2020-02-12T19:44:10","guid":{"rendered":"http:\/\/pehsu.org\/wp\/?p=2236"},"modified":"2024-12-31T14:04:35","modified_gmt":"2024-12-31T12:04:35","slug":"manual-de-la-hoja-verde-de-georreferenciacion-del-cancer-pediatrico","status":"publish","type":"post","link":"https:\/\/pehsu.org\/wp\/?p=2236","title":{"rendered":"Libros de c\u00e1ncer y medioambiente"},"content":{"rendered":"\t\t<div data-elementor-type=\"wp-post\" data-elementor-id=\"2236\" class=\"elementor elementor-2236\">\n\t\t\t\t\t\t<section class=\"elementor-section elementor-top-section elementor-element elementor-element-5a0c177 elementor-section-boxed elementor-section-height-default elementor-section-height-default\" data-id=\"5a0c177\" data-element_type=\"section\" data-e-type=\"section\">\n\t\t\t\t\t\t<div class=\"elementor-container elementor-column-gap-default\">\n\t\t\t\t\t<div class=\"elementor-column elementor-col-50 elementor-top-column elementor-element elementor-element-361de73\" data-id=\"361de73\" data-element_type=\"column\" data-e-type=\"column\">\n\t\t\t<div class=\"elementor-widget-wrap elementor-element-populated\">\n\t\t\t\t\t\t<div class=\"elementor-element elementor-element-c25779b elementor-widget__width-initial elementor-widget elementor-widget-heading\" data-id=\"c25779b\" data-element_type=\"widget\" data-e-type=\"widget\" data-widget_type=\"heading.default\">\n\t\t\t\t<div class=\"elementor-widget-container\">\n\t\t\t\t\t<h2 class=\"elementor-heading-title elementor-size-default\">El c\u00e1ncer, una enfermedad prevenible <\/h2>\t\t\t\t<\/div>\n\t\t\t\t<\/div>\n\t\t\t\t\t<\/div>\n\t\t<\/div>\n\t\t\t\t<div class=\"elementor-column elementor-col-50 elementor-top-column elementor-element elementor-element-d0e9f93\" data-id=\"d0e9f93\" data-element_type=\"column\" data-e-type=\"column\">\n\t\t\t<div class=\"elementor-widget-wrap elementor-element-populated\">\n\t\t\t\t\t\t<div class=\"elementor-element elementor-element-db8161a elementor-widget elementor-widget-heading\" data-id=\"db8161a\" data-element_type=\"widget\" data-e-type=\"widget\" data-widget_type=\"heading.default\">\n\t\t\t\t<div class=\"elementor-widget-container\">\n\t\t\t\t\t<h2 class=\"elementor-heading-title elementor-size-default\">Hoja Verde de georreferenciaci\u00f3n del c\u00e1ncer pedi\u00e1trico<\/h2>\t\t\t\t<\/div>\n\t\t\t\t<\/div>\n\t\t\t\t\t<\/div>\n\t\t<\/div>\n\t\t\t\t\t<\/div>\n\t\t<\/section>\n\t\t\t\t<section class=\"elementor-section elementor-top-section elementor-element elementor-element-12f5c6f3 elementor-section-boxed elementor-section-height-default elementor-section-height-default\" data-id=\"12f5c6f3\" data-element_type=\"section\" data-e-type=\"section\">\n\t\t\t\t\t\t<div class=\"elementor-container elementor-column-gap-default\">\n\t\t\t\t\t<div class=\"elementor-column elementor-col-50 elementor-top-column elementor-element elementor-element-fd789ac\" data-id=\"fd789ac\" data-element_type=\"column\" data-e-type=\"column\">\n\t\t\t<div class=\"elementor-widget-wrap elementor-element-populated\">\n\t\t\t\t\t\t<div class=\"elementor-element elementor-element-617e36ee elementor-widget__width-initial elementor-widget elementor-widget-text-editor\" data-id=\"617e36ee\" data-element_type=\"widget\" data-e-type=\"widget\" data-widget_type=\"text-editor.default\">\n\t\t\t\t<div class=\"elementor-widget-container\">\n\t\t\t\t\t\t\t\t\t<p>\u00a0<span style=\"color: var( --e-global-color-text );\">El 98% de los c\u00e1nceres est\u00e1n relacionados con los factores ambientales. En la Regi\u00f3n de Murcia y en Espa\u00f1a, el c\u00e1ncer invasivo ser\u00e1 diagnosticado en la mitad de los hombres y en un tercio de las mujeres a lo largo de su vida. Con esta realidad y bajo el Lema: \u201cEl c\u00e1ncer, una enfermedad prevenible\u201d, este libro constituye el resumen del curso de actualizaci\u00f3n en la prevenci\u00f3n primaria del c\u00e1ncer dirigido por la Unidad de Salud Medioambiental Pedi\u00e1trica del Hospital Univ. Virgen de la Arrixaca, Universidad de Murcia y financiado por la Fundaci\u00f3n Cient\u00edfica para Formaci\u00f3n e Investigaci\u00f3n Sanitarias de la Regi\u00f3n de Murcia durante la primavera de 2007 a trav\u00e9s del convenio de colaboraci\u00f3n con el Instituto de Salud Carlos III, Plan de Calidad para el SNS del Ministerio de Sanidad y Consumo de Espa\u00f1a.<br \/>Los objetivos del curso y de este libro son: a) incorporar los avances en la prevenci\u00f3n de las enfermedades oncol\u00f3gicas a los profesionales de la Salud (Atenci\u00f3n Primaria y especializada); b) incrementar la conciencia y participaci\u00f3n de los\u00a0<\/span><span style=\"color: var( --e-global-color-text );\">profesionales de la salud en las estrategias de prevenci\u00f3n; c) fomentar la prevenci\u00f3n del c\u00e1ncer adulto desde la infancia y; d) fomentar h\u00e1bitos saludables en la sociedad y los supervivientes del c\u00e1ncer<\/span><\/p>\n<p><!-- \/wp:paragraph --><!-- wp:paragraph --><\/p>\n<p>\u00a0<\/p>\n<p><!-- \/wp:separator --><!-- wp:image {\"id\":2237,\"linkDestination\":\"custom\",\"align\":\"left\"} --><\/p>\n<figure><a href=\"https:\/\/pehsu.org\/wp\/wp-content\/uploads\/libro2008.pdf\" target=\"_blank\" rel=\"noopener\"><img fetchpriority=\"high\" decoding=\"async\" class=\"alignnone\" src=\"https:\/\/pehsu.org\/wp\/wp-content\/uploads\/Captura-de-pantalla-2024-12-31-a-las-12.30.53-300x296.png\" alt=\"\" width=\"300\" height=\"296\" \/><\/a><\/figure>\n<figure><\/figure>\n<p><!-- \/wp:image --><!-- wp:paragraph --><\/p>\n<p>L<span style=\"color: var( --e-global-color-text );\">os objetivos del curso y de este libro son: a) incorporar los avances en la prevenci\u00f3n de las enfermedades oncol\u00f3gicas a los profesionales de la Salud (Atenci\u00f3n Primaria y especializada); b) incrementar la conciencia y participaci\u00f3n de los\u00a0<\/span><span style=\"color: var( --e-global-color-text );\">profesionales de la salud en las estrategias de prevenci\u00f3n; c) fomentar la prevenci\u00f3n del c\u00e1ncer adulto desde la infancia\u00a0<\/span><span style=\"color: var( --e-global-color-text );\">y; d) fomentar h\u00e1bitos saludables en la sociedad y los supervivientes del c\u00e1ncer<\/span><\/p>\n<p><span style=\"color: var( --e-global-color-text );\">(ISBN: 978-84-691-1365-3) <\/span><strong style=\"color: var( --e-global-color-text );\"><a href=\"https:\/\/pehsu.org\/wp\/wp-content\/uploads\/libro2008.pdf\">aqu\u00ed<\/a><\/strong><\/p>\n<h4>Citaci\u00f3n sugerida:<span style=\"font-weight: normal;\"> <i style=\"color: #000000; font-family: Helvetica; font-size: 12px;\">Autores cap\u00edtulo. [t\u00edtulo de cap\u00edtulo]. En: Ortega\u00a0<\/i><i style=\"color: #000000; font-family: Helvetica; font-size: 12px;\">Garc\u00eda JA, Navarrete Montoya A, Ferr\u00eds i Tortajada J, et al, eds. El\u00a0<\/i><i style=\"color: #000000; font-family: Helvetica; font-size: 12px;\">c\u00e1ncer, una enfermedad prevenible. 1\u00aa Edici\u00f3n. Murcia: FFIS; 2008\u00a0<\/i><i style=\"color: var( --e-global-color-text );\">[n\u00famero de p\u00e1ginas].<\/i><\/span><\/h4>\n<p><!-- \/wp:paragraph --><!-- wp:separator --><\/p>\n<hr \/>\n<p><!-- \/wp:separator --><!-- wp:paragraph --><\/p>\n<p>\u00a0<\/p>\n<p><!-- \/wp:paragraph --><!-- wp:separator --><\/p>\n<p><!-- \/wp:separator --><!-- wp:paragraph --><\/p>\n<p><strong>M\u00e1s informaci\u00f3n sobre el Programa Ambiental y Comunitario de Largo Seguimiento de C\u00e1ncer Pedi\u00e1trico <\/strong><a href=\"http:\/\/pehsu.org\/wp\/?page_id=1026\">AQU\u00cd.<\/a><\/p>\n<p><!-- \/wp:paragraph --><\/p>\t\t\t\t\t\t\t\t<\/div>\n\t\t\t\t<\/div>\n\t\t\t\t\t<\/div>\n\t\t<\/div>\n\t\t\t\t<div class=\"elementor-column elementor-col-50 elementor-top-column elementor-element elementor-element-03c6968\" data-id=\"03c6968\" data-element_type=\"column\" data-e-type=\"column\">\n\t\t\t<div class=\"elementor-widget-wrap elementor-element-populated\">\n\t\t\t\t\t\t<div class=\"elementor-element elementor-element-c294038 elementor-widget elementor-widget-text-editor\" data-id=\"c294038\" data-element_type=\"widget\" data-e-type=\"widget\" data-widget_type=\"text-editor.default\">\n\t\t\t\t<div class=\"elementor-widget-container\">\n\t\t\t\t\t\t\t\t\t<p><!-- wp:paragraph --><\/p>\n<h2 class=\"elementor-heading-title elementor-size-default elementor-inline-editing pen\" style=\"color: var( --e-global-color-primary ); font-weight: var( --e-global-typography-primary-font-weight );\" data-elementor-setting-key=\"title\" data-pen-placeholder=\"Teclea aqu\u00ed...\">Hoja Verde de georreferenciaci\u00f3n del c\u00e1ncer pedi\u00e1trico<\/h2>\n<p>Durante el primer ingreso es completado por el MIR\/EIR de pediatr\u00eda con ayuda de los padres. Este manual incluye los 3 domicilios b\u00e1sicos que registramos en MACAPEMUR desde 1998, domicilio en el embarazo, primera infancia y en el momento del diagn\u00f3stico. Adem\u00e1s aprovechamos para preguntar algunas preguntas generales relacionadas con el medioambiente en el contexto de la recogida de informaci\u00f3n para la historia cl\u00ednica. Desde 2022, incluida la huella de carbono familiar al ingreso (a\u00f1o previo al diagn\u00f3stico).<\/p>\n<p><!-- \/wp:paragraph --><!-- wp:paragraph --><\/p>\n<p>En la fase de tratamiento de la enfermedad, primeros 6 meses postdiagn\u00f3stico, incluimos:<\/p>\n<p><!-- \/wp:paragraph --><!-- wp:paragraph --><\/p>\n<p>Calidad de vida relacionada con la salud.<\/p>\n<p><!-- \/wp:paragraph --><!-- wp:paragraph --><\/p>\n<p>Factores ambientales relacionados con la mortalidad relacionada con el tratamiento<\/p>\n<p><!-- \/wp:paragraph --><!-- wp:paragraph --><\/p>\n<p>Autotest de Contacto con la Naturaleza realizado por los ni\u00f1os de 7 a 17 a\u00f1os.<\/p>\n<p><!-- \/wp:paragraph --><!-- wp:paragraph --><\/p>\n<p>Presentaci\u00f3n del concepto y del trabajo de la Unidad. Entrega de materiales creados por los Guerreros de AFACMUR.<\/p>\n<p><!-- \/wp:paragraph --><!-- wp:separator --><\/p>\n<hr class=\"wp-block-separator has-alpha-channel-opacity\" \/>\n<p><!-- \/wp:separator --><!-- wp:image {\"id\":2237,\"linkDestination\":\"custom\",\"align\":\"left\"} --><\/p>\n<figure class=\"wp-block-image alignleft\"><a href=\"http:\/\/pehsu.org\/wp\/wp-content\/uploads\/Captura-de-pantalla-2020-02-12-a-las-20.39.02.png\"><img decoding=\"async\" width=\"254\" height=\"300\" class=\"wp-image-2237\" title=\"manual de georreferenciaci\u00f3n\" src=\"http:\/\/pehsu.org\/wp\/wp-content\/uploads\/Captura-de-pantalla-2020-02-12-a-las-20.39.02-254x300.png\" alt=\"\" srcset=\"https:\/\/pehsu.org\/wp\/wp-content\/uploads\/Captura-de-pantalla-2020-02-12-a-las-20.39.02-254x300.png 254w, https:\/\/pehsu.org\/wp\/wp-content\/uploads\/Captura-de-pantalla-2020-02-12-a-las-20.39.02-868x1024.png 868w, https:\/\/pehsu.org\/wp\/wp-content\/uploads\/Captura-de-pantalla-2020-02-12-a-las-20.39.02.png 1714w\" sizes=\"(max-width: 254px) 100vw, 254px\" \/><\/a><\/figure>\n<p><!-- \/wp:image --><!-- wp:paragraph --><\/p>\n<p>El objetivo de este manual, es divulgar como usar la HverdeGEO (Hoja Verde Georreferenciaci\u00f3n) del c\u00e1ncer pedi\u00e1trico.<br \/>La HverdeGEO se realiza idealmente en el momento del diagn\u00f3stico de la enfermedad e incluye datos b\u00e1sicos de filiaci\u00f3n, georreferenciaci\u00f3n desde la etapa prenatal al momento del diagn\u00f3stico, cuestiones de cribado medioambiental b\u00e1sico, factores constitucionales y percepci\u00f3n de riesgo etiol\u00f3gico de los padres y madres. Forma parte del programa de Largo Seguimiento Ambiental y Comunitario de Supervivientes de C\u00e1ncer Pedi\u00e1trico en la Regi\u00f3n de Murcia, y ha sido desarrollada por la Unidad de Salud Medioambiental Pedi\u00e1trica del Hospital Cl\u00ednico Universitario Virgen de la Arrixaca.<\/p>\n<p><!-- \/wp:paragraph --><!-- wp:paragraph --><\/p>\n<p>El sistema de informaci\u00f3n que se genera contribuye a establecer modelos \u00fatiles para mejorar el pron\u00f3stico y etiolog\u00eda del c\u00e1ncer. Este es un manual de instrucciones que se ha redactado inicialmente para ayudar a los investigadores relacionados con el proyecto a conocer y manejar la HverdeGEO y las bases de datos relacionadas. Pretendemos tambi\u00e9n divulgar, compartir y poner a disposici\u00f3n de otros grupos de investigaci\u00f3n la herramienta, m\u00e9todo de trabajo y productos derivados.<\/p>\n<p><!-- \/wp:paragraph --><!-- wp:separator --><\/p>\n<hr class=\"wp-block-separator has-alpha-channel-opacity\" \/>\n<p><!-- \/wp:separator --><!-- wp:paragraph --><\/p>\n<p>Disponible el manual a texto completo (ISBN: 978-84-09-17557-4) <strong><a href=\"http:\/\/pehsu.org\/wp\/wp-content\/uploads\/Manual_geoMACAPEMUR.pdf\">aqu\u00ed <\/a><\/strong><br \/>Citaci\u00f3n sugerida: Ortega-Garc\u00eda JA, C\u00e1rceles-Alvarez A, L\u00f3pez Hern\u00e1ndez FA, Fuster-Soler JL. En: Manual de la Hoja Verde de Georreferenciaci\u00f3n del C\u00e1ncer Pedi\u00e1trico.<br \/>Salud y Medioambiente. 1\u00aa Ed. Murcia, FFIS\/Imib-Arrixaca, 2019.<\/p>\n<p><!-- \/wp:paragraph --><!-- wp:separator --><\/p>\n<hr class=\"wp-block-separator has-alpha-channel-opacity\" \/>\n<p><!-- \/wp:separator --><!-- wp:paragraph --><\/p>\n<p><a href=\"https:\/\/pubmed.ncbi.nlm.nih.gov\/?term=childhood+cancer+ortega-garc%C3%ADa\">Algunas publicaciones relacionadas del grupo.<\/a><\/p>\n<p><!-- \/wp:paragraph --><!-- wp:separator --><\/p>\n<hr class=\"wp-block-separator has-alpha-channel-opacity\" \/>\n<p><!-- \/wp:separator --><!-- wp:paragraph --><\/p>\n<p><strong>M\u00e1s informaci\u00f3n sobre el Programa Ambiental y Comunitario de Largo Seguimiento de C\u00e1ncer Pedi\u00e1trico <\/strong><a href=\"http:\/\/pehsu.org\/wp\/?page_id=1026\">AQU\u00cd.<\/a><\/p>\n<p><!-- \/wp:paragraph --><\/p>\t\t\t\t\t\t\t\t<\/div>\n\t\t\t\t<\/div>\n\t\t\t\t\t<\/div>\n\t\t<\/div>\n\t\t\t\t\t<\/div>\n\t\t<\/section>\n\t\t\t\t<\/div>\n\t\t","protected":false},"excerpt":{"rendered":"<p>El c\u00e1ncer, una enfermedad prevenible Hoja Verde de georreferenciaci\u00f3n del c\u00e1ncer pedi\u00e1trico \u00a0El 98% de los c\u00e1nceres est\u00e1n relacionados con los factores ambientales. En la Regi\u00f3n de Murcia y en Espa\u00f1a, el c\u00e1ncer invasivo ser\u00e1 diagnosticado en la mitad de los hombres y en un tercio de las mujeres a lo largo de su vida. &hellip; <\/p>\n<p class=\"link-more\"><a href=\"https:\/\/pehsu.org\/wp\/?p=2236\" class=\"more-link\">Leer m\u00e1s<span class=\"screen-reader-text\"> \u00abLibros de c\u00e1ncer y medioambiente\u00bb<\/span><\/a><\/p>\n","protected":false},"author":1,"featured_media":4762,"comment_status":"closed","ping_status":"closed","sticky":false,"template":"","format":"gallery","meta":{"footnotes":""},"categories":[44,1],"tags":[51,45],"class_list":["post-2236","post","type-post","status-publish","format-gallery","has-post-thumbnail","hentry","category-cancer","category-destacado","tag-cancer","tag-prevencion","post_format-post-format-gallery"],"aioseo_notices":[],"_links":{"self":[{"href":"https:\/\/pehsu.org\/wp\/index.php?rest_route=\/wp\/v2\/posts\/2236","targetHints":{"allow":["GET"]}}],"collection":[{"href":"https:\/\/pehsu.org\/wp\/index.php?rest_route=\/wp\/v2\/posts"}],"about":[{"href":"https:\/\/pehsu.org\/wp\/index.php?rest_route=\/wp\/v2\/types\/post"}],"author":[{"embeddable":true,"href":"https:\/\/pehsu.org\/wp\/index.php?rest_route=\/wp\/v2\/users\/1"}],"replies":[{"embeddable":true,"href":"https:\/\/pehsu.org\/wp\/index.php?rest_route=%2Fwp%2Fv2%2Fcomments&post=2236"}],"version-history":[{"count":53,"href":"https:\/\/pehsu.org\/wp\/index.php?rest_route=\/wp\/v2\/posts\/2236\/revisions"}],"predecessor-version":[{"id":4789,"href":"https:\/\/pehsu.org\/wp\/index.php?rest_route=\/wp\/v2\/posts\/2236\/revisions\/4789"}],"wp:featuredmedia":[{"embeddable":true,"href":"https:\/\/pehsu.org\/wp\/index.php?rest_route=\/wp\/v2\/media\/4762"}],"wp:attachment":[{"href":"https:\/\/pehsu.org\/wp\/index.php?rest_route=%2Fwp%2Fv2%2Fmedia&parent=2236"}],"wp:term":[{"taxonomy":"category","embeddable":true,"href":"https:\/\/pehsu.org\/wp\/index.php?rest_route=%2Fwp%2Fv2%2Fcategories&post=2236"},{"taxonomy":"post_tag","embeddable":true,"href":"https:\/\/pehsu.org\/wp\/index.php?rest_route=%2Fwp%2Fv2%2Ftags&post=2236"}],"curies":[{"name":"wp","href":"https:\/\/api.w.org\/{rel}","templated":true}]}}