

{"id":2018,"date":"2019-06-09T17:21:47","date_gmt":"2019-06-09T15:21:47","guid":{"rendered":"http:\/\/pehsu.org\/wp\/?p=2018"},"modified":"2024-05-27T17:20:07","modified_gmt":"2024-05-27T15:20:07","slug":"pediatras-ante-las-tics","status":"publish","type":"post","link":"https:\/\/pehsu.org\/wp\/?p=2018","title":{"rendered":"Pediatras ante las TICs"},"content":{"rendered":"\t\t<div data-elementor-type=\"wp-post\" data-elementor-id=\"2018\" class=\"elementor elementor-2018\">\n\t\t\t\t\t\t<section class=\"elementor-section elementor-top-section elementor-element elementor-element-584112b elementor-section-boxed elementor-section-height-default elementor-section-height-default\" data-id=\"584112b\" data-element_type=\"section\" data-e-type=\"section\">\n\t\t\t\t\t\t<div class=\"elementor-container elementor-column-gap-default\">\n\t\t\t\t\t<div class=\"elementor-column elementor-col-100 elementor-top-column elementor-element elementor-element-966056f\" data-id=\"966056f\" data-element_type=\"column\" data-e-type=\"column\">\n\t\t\t<div class=\"elementor-widget-wrap elementor-element-populated\">\n\t\t\t\t\t\t<div class=\"elementor-element elementor-element-e277253 elementor-widget elementor-widget-heading\" data-id=\"e277253\" data-element_type=\"widget\" data-e-type=\"widget\" data-widget_type=\"heading.default\">\n\t\t\t\t<div class=\"elementor-widget-container\">\n\t\t\t\t\t<h2 class=\"elementor-heading-title elementor-size-default\">Pediatras ante las TICs<\/h2>\t\t\t\t<\/div>\n\t\t\t\t<\/div>\n\t\t\t\t\t<\/div>\n\t\t<\/div>\n\t\t\t\t\t<\/div>\n\t\t<\/section>\n\t\t\t\t<section class=\"elementor-section elementor-top-section elementor-element elementor-element-6c92108e elementor-section-boxed elementor-section-height-default elementor-section-height-default\" data-id=\"6c92108e\" data-element_type=\"section\" data-e-type=\"section\">\n\t\t\t\t\t\t<div class=\"elementor-container elementor-column-gap-default\">\n\t\t\t\t\t<div class=\"elementor-column elementor-col-100 elementor-top-column elementor-element elementor-element-43a9cfbb\" data-id=\"43a9cfbb\" data-element_type=\"column\" data-e-type=\"column\">\n\t\t\t<div class=\"elementor-widget-wrap elementor-element-populated\">\n\t\t\t\t\t\t<div class=\"elementor-element elementor-element-6f05fbca elementor-widget elementor-widget-text-editor\" data-id=\"6f05fbca\" data-element_type=\"widget\" data-e-type=\"widget\" data-widget_type=\"text-editor.default\">\n\t\t\t\t<div class=\"elementor-widget-container\">\n\t\t\t\t\t\t\t\t\t<a href=\"http:\/\/pehsu.org\/wp\/wp-content\/uploads\/tics.jpg\"><img fetchpriority=\"high\" decoding=\"async\" src=\"http:\/\/pehsu.org\/wp\/wp-content\/uploads\/tics-300x204.jpg\" alt=\"\" title=\"tics\" width=\"300\" height=\"204\" class=\"alignleft size-medium wp-image-2020\" srcset=\"https:\/\/pehsu.org\/wp\/wp-content\/uploads\/tics-300x204.jpg 300w, https:\/\/pehsu.org\/wp\/wp-content\/uploads\/tics-1024x696.jpg 1024w\" sizes=\"(max-width: 300px) 100vw, 300px\" \/><\/a><a href=\"http:\/\/pehsu.org\/wp\/wp-content\/uploads\/pedTICs.pdf\"><strong>Transformaci\u00f3n digital desde la perspectiva de  los profesionales<\/strong><\/a>. Reflexiones\/experiencias y una mirada hacia el nuevo modelo de la salud. Un modelo m\u00e1s ecosist\u00e9mico. Proponemos un &#8216;NUEVO CONCEPTO DE SALUD&#8217;. Desaf\u00edos, oportunidades y metas. Pediatr\u00eda 2050.  \t\t\t\t\t\t\t\t<\/div>\n\t\t\t\t<\/div>\n\t\t\t\t\t<\/div>\n\t\t<\/div>\n\t\t\t\t\t<\/div>\n\t\t<\/section>\n\t\t\t\t<\/div>\n\t\t","protected":false},"excerpt":{"rendered":"<p>Pediatras ante las TICs Transformaci\u00f3n digital desde la perspectiva de los profesionales. Reflexiones\/experiencias y una mirada hacia el nuevo modelo de la salud. Un modelo m\u00e1s ecosist\u00e9mico. Proponemos un &#8216;NUEVO CONCEPTO DE SALUD&#8217;. Desaf\u00edos, oportunidades y metas. Pediatr\u00eda 2050.<\/p>\n","protected":false},"author":1,"featured_media":4138,"comment_status":"closed","ping_status":"closed","sticky":false,"template":"","format":"standard","meta":{"footnotes":""},"categories":[1,9,8],"tags":[50,42],"class_list":["post-2018","post","type-post","status-publish","format-standard","has-post-thumbnail","hentry","category-destacado","category-historia-clinica-medioambiental","category-salud-medioambiental-reproductiva","tag-sensorizacion","tag-tics"],"aioseo_notices":[],"_links":{"self":[{"href":"https:\/\/pehsu.org\/wp\/index.php?rest_route=\/wp\/v2\/posts\/2018","targetHints":{"allow":["GET"]}}],"collection":[{"href":"https:\/\/pehsu.org\/wp\/index.php?rest_route=\/wp\/v2\/posts"}],"about":[{"href":"https:\/\/pehsu.org\/wp\/index.php?rest_route=\/wp\/v2\/types\/post"}],"author":[{"embeddable":true,"href":"https:\/\/pehsu.org\/wp\/index.php?rest_route=\/wp\/v2\/users\/1"}],"replies":[{"embeddable":true,"href":"https:\/\/pehsu.org\/wp\/index.php?rest_route=%2Fwp%2Fv2%2Fcomments&post=2018"}],"version-history":[{"count":10,"href":"https:\/\/pehsu.org\/wp\/index.php?rest_route=\/wp\/v2\/posts\/2018\/revisions"}],"predecessor-version":[{"id":4334,"href":"https:\/\/pehsu.org\/wp\/index.php?rest_route=\/wp\/v2\/posts\/2018\/revisions\/4334"}],"wp:featuredmedia":[{"embeddable":true,"href":"https:\/\/pehsu.org\/wp\/index.php?rest_route=\/wp\/v2\/media\/4138"}],"wp:attachment":[{"href":"https:\/\/pehsu.org\/wp\/index.php?rest_route=%2Fwp%2Fv2%2Fmedia&parent=2018"}],"wp:term":[{"taxonomy":"category","embeddable":true,"href":"https:\/\/pehsu.org\/wp\/index.php?rest_route=%2Fwp%2Fv2%2Fcategories&post=2018"},{"taxonomy":"post_tag","embeddable":true,"href":"https:\/\/pehsu.org\/wp\/index.php?rest_route=%2Fwp%2Fv2%2Ftags&post=2018"}],"curies":[{"name":"wp","href":"https:\/\/api.w.org\/{rel}","templated":true}]}}